{"id":5404,"date":"2025-11-17T09:06:13","date_gmt":"2025-11-17T15:06:13","guid":{"rendered":"https:\/\/trabucoradio.com\/home\/?p=5404"},"modified":"2025-11-17T09:06:13","modified_gmt":"2025-11-17T15:06:13","slug":"sin-la-gestion-de-los-indigenas-se-perderia-un-40-de-los-ecosistemas-del-mundo-estudio","status":"publish","type":"post","link":"https:\/\/trabucoradio.com\/home\/?p=5404","title":{"rendered":"SIN LA GESTI\u00d3N DE LOS IND\u00cdGENAS, SE PERDER\u00cdA UN 40% DE LOS ECOSISTEMAS DEL MUNDO: ESTUDIO"},"content":{"rendered":"<p><strong>SIN LA GESTI\u00d3N DE LOS IND\u00cdGENAS, SE PERDER\u00cdA UN 40% DE LOS ECOSISTEMAS DEL MUNDO: ESTUDIO<\/strong><\/p>\n<p>Sin los conocimientos y las\u00a0<strong>pr\u00e1cticas ancestrales<\/strong>\u00a0<strong>ind\u00edgenas<\/strong>, el mundo perder\u00eda un 40 % de sus grandes\u00a0<strong>ecosistemas<\/strong>\u00a0intactos y algunos de los\u00a0<strong>sumideros de carbono<\/strong>\u00a0m\u00e1s confiables del planeta, seg\u00fan un estudio elaborado por una\u00a0<strong>ONG<\/strong>\u00a0y presentado en la\u00a0<strong>COP30<\/strong>.<\/p>\n<p>El informe document\u00f3 m\u00e1s de setecientas iniciativas, lideradas o asociadas con ind\u00edgenas en todo el mundo, con el fin de exponer las contribuciones y la importancia de los\u00a0<strong>pueblos ind\u00edgenas<\/strong>\u00a0en el cuidado del\u00a0<strong>ambiente<\/strong>\u00a0para fomentar su inclusi\u00f3n en las mesas de negociaciones y pol\u00edticas.<\/p>\n<p>\u201cEstos paisajes intactos, al menos bien conservados, se corresponden con zonas en las que los pueblos ind\u00edgenas tienen un control total\u201d, afirm\u00f3 a EFE uno de los coordinadores de la investigaci\u00f3n, el keniano Kimaren ole Riamit.<\/p>\n<p>Seg\u00fan el documento, elaborado por la ONG\u00a0<strong>Contrapartes para la Mejora de los Medios de Vida Ind\u00edgenas<\/strong>\u00a0(ILEPA, por sus siglas en ingl\u00e9s), los pueblos ind\u00edgenas gestionan aproximadamente un 25 % de la superficie terrestre mundial, m\u00e1s de un tercio de las reservas de carbono irrecuperables y aproximadamente un 40 % de los \u00faltimos ecosistemas intactos.<\/p>\n<p>Estas zonas \u201csustentan el almacenamiento de carbono, la\u00a0<strong>regulaci\u00f3n del agua<\/strong>\u00a0y la\u00a0<strong>biodiversidad<\/strong>\u201d, por lo que la labor de administraci\u00f3n y gesti\u00f3n de los ind\u00edgenas funciona como \u201cun estabilizador planetario\u201d, argumenta el informe.<\/p>\n","protected":false},"excerpt":{"rendered":"<p>SIN LA GESTI\u00d3N DE LOS IND\u00cdGENAS, SE PERDER\u00cdA UN 40% DE LOS ECOSISTEMAS DEL MUNDO: ESTUDIO Sin los conocimientos y las\u00a0pr\u00e1cticas ancestrales\u00a0ind\u00edgenas, el mundo perder\u00eda un 40 % de sus grandes\u00a0ecosistemas\u00a0intactos y algunos de los\u00a0sumideros de carbono\u00a0m\u00e1s confiables del planeta, seg\u00fan un estudio elaborado por una\u00a0ONG\u00a0y presentado en la\u00a0COP30. El informe document\u00f3 m\u00e1s de setecientas [&hellip;]<\/p>\n","protected":false},"author":1,"featured_media":5405,"comment_status":"open","ping_status":"open","sticky":false,"template":"","format":"standard","meta":{"footnotes":""},"categories":[6],"tags":[],"class_list":["post-5404","post","type-post","status-publish","format-standard","has-post-thumbnail","hentry","category-conoce"],"_links":{"self":[{"href":"https:\/\/trabucoradio.com\/home\/index.php?rest_route=\/wp\/v2\/posts\/5404","targetHints":{"allow":["GET"]}}],"collection":[{"href":"https:\/\/trabucoradio.com\/home\/index.php?rest_route=\/wp\/v2\/posts"}],"about":[{"href":"https:\/\/trabucoradio.com\/home\/index.php?rest_route=\/wp\/v2\/types\/post"}],"author":[{"embeddable":true,"href":"https:\/\/trabucoradio.com\/home\/index.php?rest_route=\/wp\/v2\/users\/1"}],"replies":[{"embeddable":true,"href":"https:\/\/trabucoradio.com\/home\/index.php?rest_route=%2Fwp%2Fv2%2Fcomments&post=5404"}],"version-history":[{"count":1,"href":"https:\/\/trabucoradio.com\/home\/index.php?rest_route=\/wp\/v2\/posts\/5404\/revisions"}],"predecessor-version":[{"id":5406,"href":"https:\/\/trabucoradio.com\/home\/index.php?rest_route=\/wp\/v2\/posts\/5404\/revisions\/5406"}],"wp:featuredmedia":[{"embeddable":true,"href":"https:\/\/trabucoradio.com\/home\/index.php?rest_route=\/wp\/v2\/media\/5405"}],"wp:attachment":[{"href":"https:\/\/trabucoradio.com\/home\/index.php?rest_route=%2Fwp%2Fv2%2Fmedia&parent=5404"}],"wp:term":[{"taxonomy":"category","embeddable":true,"href":"https:\/\/trabucoradio.com\/home\/index.php?rest_route=%2Fwp%2Fv2%2Fcategories&post=5404"},{"taxonomy":"post_tag","embeddable":true,"href":"https:\/\/trabucoradio.com\/home\/index.php?rest_route=%2Fwp%2Fv2%2Ftags&post=5404"}],"curies":[{"name":"wp","href":"https:\/\/api.w.org\/{rel}","templated":true}]}}