{"id":5401,"date":"2025-11-17T08:29:45","date_gmt":"2025-11-17T14:29:45","guid":{"rendered":"https:\/\/trabucoradio.com\/home\/?p=5401"},"modified":"2025-11-17T08:29:45","modified_gmt":"2025-11-17T14:29:45","slug":"sheinbaum-supervisa-avances-del-hospital-general-de-cardenas-estara-listo-en-marzo-de-2026","status":"publish","type":"post","link":"https:\/\/trabucoradio.com\/home\/?p=5401","title":{"rendered":"SHEINBAUM SUPERVISA AVANCES DEL HOSPITAL GENERAL DE C\u00c1RDENAS; ESTAR\u00c1 LISTO EN MARZO DE 2026"},"content":{"rendered":"<p><strong>SHEINBAUM SUPERVISA AVANCES DEL HOSPITAL GENERAL DE C\u00c1RDENAS; ESTAR\u00c1 LISTO EN MARZO DE 2026<\/strong><\/p>\n<p>Durante su visita a\u00a0<strong>Tabasco<\/strong>, la presidenta\u00a0<strong>Claudia Sheinbaum<\/strong>\u00a0supervis\u00f3 este domingo los avances del\u00a0<strong>Hospital General de C\u00e1rdenas<\/strong>, se\u00f1alando que \u201cdespu\u00e9s de muchos a\u00f1os de abandono\u201d, su construcci\u00f3n se encuentra a cargo de los\u00a0<strong>ingenieros militares<\/strong>.<\/p>\n<p>En sus redes sociales, Sheinbaum indic\u00f3 que el edificio estar\u00e1 listo en marzo de 2026. Durante la supervisi\u00f3n, la presidenta estuvo acompa\u00f1ada del gobernador\u00a0<strong>Javier May Rodr\u00edguez<\/strong>, quien destac\u00f3 que la obra traer\u00e1 bienestar y har\u00e1 justicia a los \u201chabitantes de\u00a0<strong>La Chontalpa<\/strong>\u201d.<\/p>\n<p>En julio pasado, el director general del\u00a0<strong>IMSS<\/strong>&#8211;<strong>Bienestar<\/strong>, Alejandro Svarch, detall\u00f3 que el hospital contar\u00e1 con 90 camas, 19 consultorios y tres quir\u00f3fanos, as\u00ed como \u00e1reas de imagenolog\u00eda, dos m\u00e1quinas de rayos X, mast\u00f3grafo y dos equipos de ultrasonido. Tambi\u00e9n incluir\u00e1 un m\u00f3dulo de auxiliares de diagn\u00f3stico, laboratorio cl\u00ednico y banco de sangre; \u00e1rea de anatom\u00eda patol\u00f3gica y de urgencias.<\/p>\n","protected":false},"excerpt":{"rendered":"<p>SHEINBAUM SUPERVISA AVANCES DEL HOSPITAL GENERAL DE C\u00c1RDENAS; ESTAR\u00c1 LISTO EN MARZO DE 2026 Durante su visita a\u00a0Tabasco, la presidenta\u00a0Claudia Sheinbaum\u00a0supervis\u00f3 este domingo los avances del\u00a0Hospital General de C\u00e1rdenas, se\u00f1alando que \u201cdespu\u00e9s de muchos a\u00f1os de abandono\u201d, su construcci\u00f3n se encuentra a cargo de los\u00a0ingenieros militares. En sus redes sociales, Sheinbaum indic\u00f3 que el edificio [&hellip;]<\/p>\n","protected":false},"author":1,"featured_media":5402,"comment_status":"open","ping_status":"open","sticky":false,"template":"","format":"standard","meta":{"footnotes":""},"categories":[4,3],"tags":[],"class_list":["post-5401","post","type-post","status-publish","format-standard","has-post-thumbnail","hentry","category-noticias","category-politica"],"_links":{"self":[{"href":"https:\/\/trabucoradio.com\/home\/index.php?rest_route=\/wp\/v2\/posts\/5401","targetHints":{"allow":["GET"]}}],"collection":[{"href":"https:\/\/trabucoradio.com\/home\/index.php?rest_route=\/wp\/v2\/posts"}],"about":[{"href":"https:\/\/trabucoradio.com\/home\/index.php?rest_route=\/wp\/v2\/types\/post"}],"author":[{"embeddable":true,"href":"https:\/\/trabucoradio.com\/home\/index.php?rest_route=\/wp\/v2\/users\/1"}],"replies":[{"embeddable":true,"href":"https:\/\/trabucoradio.com\/home\/index.php?rest_route=%2Fwp%2Fv2%2Fcomments&post=5401"}],"version-history":[{"count":1,"href":"https:\/\/trabucoradio.com\/home\/index.php?rest_route=\/wp\/v2\/posts\/5401\/revisions"}],"predecessor-version":[{"id":5403,"href":"https:\/\/trabucoradio.com\/home\/index.php?rest_route=\/wp\/v2\/posts\/5401\/revisions\/5403"}],"wp:featuredmedia":[{"embeddable":true,"href":"https:\/\/trabucoradio.com\/home\/index.php?rest_route=\/wp\/v2\/media\/5402"}],"wp:attachment":[{"href":"https:\/\/trabucoradio.com\/home\/index.php?rest_route=%2Fwp%2Fv2%2Fmedia&parent=5401"}],"wp:term":[{"taxonomy":"category","embeddable":true,"href":"https:\/\/trabucoradio.com\/home\/index.php?rest_route=%2Fwp%2Fv2%2Fcategories&post=5401"},{"taxonomy":"post_tag","embeddable":true,"href":"https:\/\/trabucoradio.com\/home\/index.php?rest_route=%2Fwp%2Fv2%2Ftags&post=5401"}],"curies":[{"name":"wp","href":"https:\/\/api.w.org\/{rel}","templated":true}]}}