{"id":5398,"date":"2025-11-17T08:25:27","date_gmt":"2025-11-17T14:25:27","guid":{"rendered":"https:\/\/trabucoradio.com\/home\/?p=5398"},"modified":"2025-11-17T08:25:27","modified_gmt":"2025-11-17T14:25:27","slug":"generacion-z-convoca-nueva-marcha-para-el-20-de-noviembre-en-cdmx","status":"publish","type":"post","link":"https:\/\/trabucoradio.com\/home\/?p=5398","title":{"rendered":"GENERACI\u00d3N Z CONVOCA NUEVA MARCHA PARA EL 20 DE NOVIEMBRE EN CDMX"},"content":{"rendered":"<p><strong>GENERACI\u00d3N Z CONVOCA NUEVA MARCHA PARA EL 20 DE NOVIEMBRE EN CDMX<\/strong><\/p>\n<p>Tras la\u00a0<strong>marcha<\/strong>\u00a0realizada el 15 de noviembre en\u00a0<strong>Ciudad de M\u00e9xico<\/strong>\u00a0y otros estados del pa\u00eds, el movimiento de la\u00a0<strong>Generaci\u00f3n Z<\/strong>\u00a0convoc\u00f3 una nueva movilizaci\u00f3n para el\u00a0<strong>20 de noviembre<\/strong>\u00a0que nuevamente partir\u00e1 del\u00a0<strong>\u00c1ngel de la Independencia al Z\u00f3calo<\/strong>, en la capital mexicana.<\/p>\n<p>Durante la protesta del pasado s\u00e1bado, que reuni\u00f3 a miles de ciudadanos de diversos grupos generacionales en Ciudad de M\u00e9xico, las personas, en ellos j\u00f3venes, manifestaron su indignaci\u00f3n por el asesinato del presidente municipal de Uruapan,\u00a0<strong>Carlos Manzo<\/strong>, la inseguridad, la corrupci\u00f3n y la impunidad.<\/p>\n<p>Sin embargo, el evento termin\u00f3 con enfrentamientos entre algunos grupos de manifestantes y elementos de la\u00a0<strong>Secretar\u00eda de Seguridad Ciudadana<\/strong>\u00a0(SSC). Durante la marcha, se denunciaron varios casos de\u00a0<strong>represi\u00f3n y violencia policial<\/strong>.<\/p>\n<p>Arturo Herrera, economista y activista que asisti\u00f3 en la marcha, asegur\u00f3 en su cuenta de X que fueron \u201cgasearon por pedir justicia. La generaci\u00f3n Z s\u00ed estuvo ah\u00ed, con valent\u00eda. Cuando M\u00e9xico se cae a pedazos, el gobierno despliega m\u00e1s fuerza contra manifestantes que contra c\u00e1rteles\u201d.<\/p>\n","protected":false},"excerpt":{"rendered":"<p>GENERACI\u00d3N Z CONVOCA NUEVA MARCHA PARA EL 20 DE NOVIEMBRE EN CDMX Tras la\u00a0marcha\u00a0realizada el 15 de noviembre en\u00a0Ciudad de M\u00e9xico\u00a0y otros estados del pa\u00eds, el movimiento de la\u00a0Generaci\u00f3n Z\u00a0convoc\u00f3 una nueva movilizaci\u00f3n para el\u00a020 de noviembre\u00a0que nuevamente partir\u00e1 del\u00a0\u00c1ngel de la Independencia al Z\u00f3calo, en la capital mexicana. Durante la protesta del pasado s\u00e1bado, [&hellip;]<\/p>\n","protected":false},"author":1,"featured_media":5399,"comment_status":"open","ping_status":"open","sticky":false,"template":"","format":"standard","meta":{"footnotes":""},"categories":[4],"tags":[],"class_list":["post-5398","post","type-post","status-publish","format-standard","has-post-thumbnail","hentry","category-noticias"],"_links":{"self":[{"href":"https:\/\/trabucoradio.com\/home\/index.php?rest_route=\/wp\/v2\/posts\/5398","targetHints":{"allow":["GET"]}}],"collection":[{"href":"https:\/\/trabucoradio.com\/home\/index.php?rest_route=\/wp\/v2\/posts"}],"about":[{"href":"https:\/\/trabucoradio.com\/home\/index.php?rest_route=\/wp\/v2\/types\/post"}],"author":[{"embeddable":true,"href":"https:\/\/trabucoradio.com\/home\/index.php?rest_route=\/wp\/v2\/users\/1"}],"replies":[{"embeddable":true,"href":"https:\/\/trabucoradio.com\/home\/index.php?rest_route=%2Fwp%2Fv2%2Fcomments&post=5398"}],"version-history":[{"count":1,"href":"https:\/\/trabucoradio.com\/home\/index.php?rest_route=\/wp\/v2\/posts\/5398\/revisions"}],"predecessor-version":[{"id":5400,"href":"https:\/\/trabucoradio.com\/home\/index.php?rest_route=\/wp\/v2\/posts\/5398\/revisions\/5400"}],"wp:featuredmedia":[{"embeddable":true,"href":"https:\/\/trabucoradio.com\/home\/index.php?rest_route=\/wp\/v2\/media\/5399"}],"wp:attachment":[{"href":"https:\/\/trabucoradio.com\/home\/index.php?rest_route=%2Fwp%2Fv2%2Fmedia&parent=5398"}],"wp:term":[{"taxonomy":"category","embeddable":true,"href":"https:\/\/trabucoradio.com\/home\/index.php?rest_route=%2Fwp%2Fv2%2Fcategories&post=5398"},{"taxonomy":"post_tag","embeddable":true,"href":"https:\/\/trabucoradio.com\/home\/index.php?rest_route=%2Fwp%2Fv2%2Ftags&post=5398"}],"curies":[{"name":"wp","href":"https:\/\/api.w.org\/{rel}","templated":true}]}}