{"id":5395,"date":"2025-11-17T08:21:57","date_gmt":"2025-11-17T14:21:57","guid":{"rendered":"https:\/\/trabucoradio.com\/home\/?p=5395"},"modified":"2025-11-17T08:21:57","modified_gmt":"2025-11-17T14:21:57","slug":"chocolate-bienestar-iniciaria-a-venderse-en-tabasco-el-proximo-ano","status":"publish","type":"post","link":"https:\/\/trabucoradio.com\/home\/?p=5395","title":{"rendered":"CHOCOLATE BIENESTAR INICIAR\u00cdA A VENDERSE EN TABASCO EL PR\u00d3XIMO A\u00d1O"},"content":{"rendered":"<p><strong>CHOCOLATE BIENESTAR INICIAR\u00cdA A VENDERSE EN TABASCO EL PR\u00d3XIMO A\u00d1O<\/strong><\/p>\n<p><strong>El<\/strong>\u00a0<strong>chocolate<\/strong>\u00a0<strong>Bienestar<\/strong>\u00a0<strong>iniciar\u00eda<\/strong>\u00a0<strong>a<\/strong>\u00a0<strong>comercializarse<\/strong>\u00a0<strong>el<\/strong>\u00a0<strong>pr\u00f3ximo<\/strong>\u00a0<strong>a\u00f1o<\/strong>,\u00a0<strong>en<\/strong>\u00a0<strong>las\u00a0tiendas<\/strong>\u00a0<strong>del<\/strong>\u00a0<strong>Bienestar<\/strong>\u00a0<b>de Tabasco.<\/b><\/p>\n<p>Carlos L\u00f3pez Alvarado responsable de uno de los almacenes del Bienestar, estim\u00f3 que para\u00a0<strong>2026<\/strong>\u00a0<strong>contar\u00e1n<\/strong>\u00a0<strong>con<\/strong>\u00a0<strong>suficiente<\/strong>\u00a0<strong>producci\u00f3n<\/strong>\u00a0<strong>para<\/strong>\u00a0<strong>iniciar<\/strong>\u00a0<strong>la<\/strong>\u00a0<strong>venta<\/strong>\u00a0en tiendas del pa\u00eds, ya que actualmente solo\u00a0<strong>se<\/strong>\u00a0<strong>comercializa<\/strong>\u00a0<strong>en<\/strong>\u00a0<strong>estados<\/strong>\u00a0<strong>del<\/strong>\u00a0<strong>norte<\/strong>.<\/p>\n<p>Aprovechando el &#8216;<strong>Festival<\/strong>\u00a0<strong>del<\/strong>\u00a0<strong>Chocolate<\/strong>&#8216;\u00a0<strong>promocionan<\/strong>\u00a0este\u00a0<strong>producto<\/strong>\u00a0<strong>en<\/strong>\u00a0<strong>barra<\/strong>,\u00a0<strong>en<\/strong>\u00a0<strong>polvo<\/strong>\u00a0<strong>y<\/strong>\u00a0<strong>de<\/strong>\u00a0<strong>mesa<\/strong>, as\u00ed como\u00a0<strong>miel<\/strong>, y el\u00a0<strong>caf\u00e9<\/strong>, este \u00faltimo ya se vende en tiendas\u00a0del estado.<\/p>\n<p>La\u00a0<strong>barra<\/strong>\u00a0<b>de<\/b>\u00a0<strong>chocolate<\/strong>\u00a0de 20 gramos tiene un costo de\u00a0<strong>14<\/strong>\u00a0<strong>pesos<\/strong>,\u00a0<strong>en<\/strong>\u00a0<strong>polvo<\/strong>\u00a0<strong>de<\/strong>\u00a0<strong>400<\/strong>\u00a0<strong>gramos<\/strong>\u00a0a\u00a0<strong>38<\/strong>\u00a0<strong>pesos<\/strong>, y\u00a0<strong>de<\/strong>\u00a0<strong>mesa<\/strong>\u00a0de\u00a0<strong>540<\/strong>\u00a0<strong>gramos<\/strong>\u00a0a\u00a0<strong>96<\/strong>\u00a0<strong>pesos<\/strong>; la\u00a0<strong>miel<\/strong>\u00a0<strong>de<\/strong>\u00a0<strong>abeja<\/strong>\u00a0<strong>de<\/strong>\u00a0<strong>350<\/strong>\u00a0<strong>gramos<\/strong>\u00a0tiene un\u00a0<strong>precio<\/strong>\u00a0<strong>de<\/strong>\u00a0<strong>45<\/strong>\u00a0<strong>pesos<\/strong>, y de\u00a0<strong>370<\/strong>\u00a0<strong>gramos<\/strong>\u00a0<strong>a<\/strong>\u00a0<strong>93<\/strong>\u00a0<strong>pesos<\/strong>.<\/p>\n<p>Este domingo, el m\u00f3dulo de tiendas del Bienestar luci\u00f3 abarrotado de tabasque\u00f1os que acudieron a comprar y probar el chocolate Bienestar.<\/p>\n","protected":false},"excerpt":{"rendered":"<p>CHOCOLATE BIENESTAR INICIAR\u00cdA A VENDERSE EN TABASCO EL PR\u00d3XIMO A\u00d1O El\u00a0chocolate\u00a0Bienestar\u00a0iniciar\u00eda\u00a0a\u00a0comercializarse\u00a0el\u00a0pr\u00f3ximo\u00a0a\u00f1o,\u00a0en\u00a0las\u00a0tiendas\u00a0del\u00a0Bienestar\u00a0de Tabasco. Carlos L\u00f3pez Alvarado responsable de uno de los almacenes del Bienestar, estim\u00f3 que para\u00a02026\u00a0contar\u00e1n\u00a0con\u00a0suficiente\u00a0producci\u00f3n\u00a0para\u00a0iniciar\u00a0la\u00a0venta\u00a0en tiendas del pa\u00eds, ya que actualmente solo\u00a0se\u00a0comercializa\u00a0en\u00a0estados\u00a0del\u00a0norte. Aprovechando el &#8216;Festival\u00a0del\u00a0Chocolate&#8216;\u00a0promocionan\u00a0este\u00a0producto\u00a0en\u00a0barra,\u00a0en\u00a0polvo\u00a0y\u00a0de\u00a0mesa, as\u00ed como\u00a0miel, y el\u00a0caf\u00e9, este \u00faltimo ya se vende en tiendas\u00a0del estado. La\u00a0barra\u00a0de\u00a0chocolate\u00a0de 20 gramos tiene un costo de\u00a014\u00a0pesos,\u00a0en\u00a0polvo\u00a0de\u00a0400\u00a0gramos\u00a0a\u00a038\u00a0pesos, [&hellip;]<\/p>\n","protected":false},"author":1,"featured_media":5396,"comment_status":"open","ping_status":"open","sticky":false,"template":"","format":"standard","meta":{"footnotes":""},"categories":[4],"tags":[],"class_list":["post-5395","post","type-post","status-publish","format-standard","has-post-thumbnail","hentry","category-noticias"],"_links":{"self":[{"href":"https:\/\/trabucoradio.com\/home\/index.php?rest_route=\/wp\/v2\/posts\/5395","targetHints":{"allow":["GET"]}}],"collection":[{"href":"https:\/\/trabucoradio.com\/home\/index.php?rest_route=\/wp\/v2\/posts"}],"about":[{"href":"https:\/\/trabucoradio.com\/home\/index.php?rest_route=\/wp\/v2\/types\/post"}],"author":[{"embeddable":true,"href":"https:\/\/trabucoradio.com\/home\/index.php?rest_route=\/wp\/v2\/users\/1"}],"replies":[{"embeddable":true,"href":"https:\/\/trabucoradio.com\/home\/index.php?rest_route=%2Fwp%2Fv2%2Fcomments&post=5395"}],"version-history":[{"count":1,"href":"https:\/\/trabucoradio.com\/home\/index.php?rest_route=\/wp\/v2\/posts\/5395\/revisions"}],"predecessor-version":[{"id":5397,"href":"https:\/\/trabucoradio.com\/home\/index.php?rest_route=\/wp\/v2\/posts\/5395\/revisions\/5397"}],"wp:featuredmedia":[{"embeddable":true,"href":"https:\/\/trabucoradio.com\/home\/index.php?rest_route=\/wp\/v2\/media\/5396"}],"wp:attachment":[{"href":"https:\/\/trabucoradio.com\/home\/index.php?rest_route=%2Fwp%2Fv2%2Fmedia&parent=5395"}],"wp:term":[{"taxonomy":"category","embeddable":true,"href":"https:\/\/trabucoradio.com\/home\/index.php?rest_route=%2Fwp%2Fv2%2Fcategories&post=5395"},{"taxonomy":"post_tag","embeddable":true,"href":"https:\/\/trabucoradio.com\/home\/index.php?rest_route=%2Fwp%2Fv2%2Ftags&post=5395"}],"curies":[{"name":"wp","href":"https:\/\/api.w.org\/{rel}","templated":true}]}}