{"id":5392,"date":"2025-11-17T08:16:59","date_gmt":"2025-11-17T14:16:59","guid":{"rendered":"https:\/\/trabucoradio.com\/home\/?p=5392"},"modified":"2025-11-17T08:16:59","modified_gmt":"2025-11-17T14:16:59","slug":"a-mas-tardar-en-enero-inician-trabajos-de-mantenimiento-al-parque-museo-la-venta","status":"publish","type":"post","link":"https:\/\/trabucoradio.com\/home\/?p=5392","title":{"rendered":"A M\u00c1S TARDAR EN ENERO INICIAN TRABAJOS DE MANTENIMIENTO AL PARQUE MUSEO LA VENTA"},"content":{"rendered":"<p><strong>A M\u00c1S TARDAR EN ENERO INICIAN TRABAJOS DE MANTENIMIENTO AL PARQUE MUSEO LA VENTA<\/strong><\/p>\n<p><strong>A<\/strong>\u00a0<strong>m\u00e1s<\/strong>\u00a0<strong>tardar<\/strong>\u00a0<strong>en<\/strong>\u00a0el mes de\u00a0<strong>enero<\/strong>\u00a0de\u00a0<strong>2026<\/strong>\u00a0<strong>estar\u00e1<\/strong>\u00a0<strong>iniciando<\/strong>\u00a0el\u00a0<strong>mantenimiento<\/strong>\u00a0del\u00a0<strong>parque<\/strong>\u00a0<strong>Museo<\/strong>\u00a0<strong>La<\/strong>\u00a0<strong>Venta<\/strong>, en el que se\u00a0<strong>invertir\u00e1n<\/strong>\u00a0alrededor de\u00a0<strong>22<\/strong>\u00a0<strong>millones<\/strong>\u00a0<strong>de<\/strong>\u00a0<strong>pesos<\/strong>.<\/p>\n<p>De acuerdo con el secretario de Ordenamiento Territorial y Obras P\u00fablicas (SOTOP) Daniel Casas\u00fas Ruz, est\u00e1n a la\u00a0<strong>espera<\/strong>\u00a0de la\u00a0<strong>\u00faltima<\/strong>\u00a0<strong>ministraci\u00f3n<\/strong>\u00a0<strong>de<\/strong>\u00a0<strong>recursos<\/strong>\u00a0de este\u00a0<strong>2025<\/strong>, para\u00a0<strong>emitir<\/strong>\u00a0la\u00a0<strong>convocatoria<\/strong>\u00a0de\u00a0<strong>licitaci\u00f3n<\/strong>\u00a0de los trabajos.<\/p>\n<p>El titular de la SOTOP recalc\u00f3 que\u00a0<strong>solo<\/strong>\u00a0<strong>contemplan<\/strong>\u00a0las\u00a0<strong>\u00e1reas<\/strong>\u00a0<strong>de<\/strong>\u00a0<strong>zool\u00f3gico<\/strong>,\u00a0<strong>servicios<\/strong>\u00a0<strong>sanitarios<\/strong>,\u00a0<strong>andadores<\/strong>\u00a0<strong>y<\/strong>\u00a0<strong>cafeter\u00eda<\/strong>.<\/p>\n<p>En el caso de las\u00a0<strong>piezas<\/strong>\u00a0<strong>arqueol\u00f3gicas<\/strong>, se\u00f1al\u00f3 que est\u00e1n\u00a0<strong>trabajando<\/strong>\u00a0diversos\u00a0<strong>proyectos<\/strong>\u00a0<strong>arquitect\u00f3nicos<\/strong>\u00a0para su protecci\u00f3n\u00a0<strong>sin<\/strong>\u00a0<strong>alterar<\/strong>\u00a0el\u00a0<strong>concepto<\/strong>\u00a0<strong>original<\/strong>, y que deber\u00e1 ser\u00a0<strong>avalado<\/strong>\u00a0<strong>por<\/strong>\u00a0el Instituto Nacional de Antropolog\u00eda e Historia (<strong>INAH<\/strong>) \u00abpero por el momento no se van a intervenir las piezas\u00bb.<\/p>\n","protected":false},"excerpt":{"rendered":"<p>A M\u00c1S TARDAR EN ENERO INICIAN TRABAJOS DE MANTENIMIENTO AL PARQUE MUSEO LA VENTA A\u00a0m\u00e1s\u00a0tardar\u00a0en\u00a0el mes de\u00a0enero\u00a0de\u00a02026\u00a0estar\u00e1\u00a0iniciando\u00a0el\u00a0mantenimiento\u00a0del\u00a0parque\u00a0Museo\u00a0La\u00a0Venta, en el que se\u00a0invertir\u00e1n\u00a0alrededor de\u00a022\u00a0millones\u00a0de\u00a0pesos. De acuerdo con el secretario de Ordenamiento Territorial y Obras P\u00fablicas (SOTOP) Daniel Casas\u00fas Ruz, est\u00e1n a la\u00a0espera\u00a0de la\u00a0\u00faltima\u00a0ministraci\u00f3n\u00a0de\u00a0recursos\u00a0de este\u00a02025, para\u00a0emitir\u00a0la\u00a0convocatoria\u00a0de\u00a0licitaci\u00f3n\u00a0de los trabajos. El titular de la SOTOP recalc\u00f3 que\u00a0solo\u00a0contemplan\u00a0las\u00a0\u00e1reas\u00a0de\u00a0zool\u00f3gico,\u00a0servicios\u00a0sanitarios,\u00a0andadores\u00a0y\u00a0cafeter\u00eda. En el caso [&hellip;]<\/p>\n","protected":false},"author":1,"featured_media":5393,"comment_status":"open","ping_status":"open","sticky":false,"template":"","format":"standard","meta":{"footnotes":""},"categories":[4],"tags":[],"class_list":["post-5392","post","type-post","status-publish","format-standard","has-post-thumbnail","hentry","category-noticias"],"_links":{"self":[{"href":"https:\/\/trabucoradio.com\/home\/index.php?rest_route=\/wp\/v2\/posts\/5392","targetHints":{"allow":["GET"]}}],"collection":[{"href":"https:\/\/trabucoradio.com\/home\/index.php?rest_route=\/wp\/v2\/posts"}],"about":[{"href":"https:\/\/trabucoradio.com\/home\/index.php?rest_route=\/wp\/v2\/types\/post"}],"author":[{"embeddable":true,"href":"https:\/\/trabucoradio.com\/home\/index.php?rest_route=\/wp\/v2\/users\/1"}],"replies":[{"embeddable":true,"href":"https:\/\/trabucoradio.com\/home\/index.php?rest_route=%2Fwp%2Fv2%2Fcomments&post=5392"}],"version-history":[{"count":1,"href":"https:\/\/trabucoradio.com\/home\/index.php?rest_route=\/wp\/v2\/posts\/5392\/revisions"}],"predecessor-version":[{"id":5394,"href":"https:\/\/trabucoradio.com\/home\/index.php?rest_route=\/wp\/v2\/posts\/5392\/revisions\/5394"}],"wp:featuredmedia":[{"embeddable":true,"href":"https:\/\/trabucoradio.com\/home\/index.php?rest_route=\/wp\/v2\/media\/5393"}],"wp:attachment":[{"href":"https:\/\/trabucoradio.com\/home\/index.php?rest_route=%2Fwp%2Fv2%2Fmedia&parent=5392"}],"wp:term":[{"taxonomy":"category","embeddable":true,"href":"https:\/\/trabucoradio.com\/home\/index.php?rest_route=%2Fwp%2Fv2%2Fcategories&post=5392"},{"taxonomy":"post_tag","embeddable":true,"href":"https:\/\/trabucoradio.com\/home\/index.php?rest_route=%2Fwp%2Fv2%2Ftags&post=5392"}],"curies":[{"name":"wp","href":"https:\/\/api.w.org\/{rel}","templated":true}]}}