{"id":5389,"date":"2025-11-15T12:37:03","date_gmt":"2025-11-15T18:37:03","guid":{"rendered":"https:\/\/trabucoradio.com\/home\/?p=5389"},"modified":"2025-11-15T12:37:03","modified_gmt":"2025-11-15T18:37:03","slug":"movimiento-del-sombrero-exhorta-a-sheinbaum-no-desacreditar-marcha-de-la-generacion-z","status":"publish","type":"post","link":"https:\/\/trabucoradio.com\/home\/?p=5389","title":{"rendered":"MOVIMIENTO DEL SOMBRERO EXHORTA A SHEINBAUM NO DESACREDITAR MARCHA DE LA GENERACI\u00d3N Z"},"content":{"rendered":"<p><strong>MOVIMIENTO DEL SOMBRERO EXHORTA A SHEINBAUM NO DESACREDITAR MARCHA DE LA GENERACI\u00d3N Z<\/strong><\/p>\n<p>Expres\u00f3 el\u00a0<strong>Movimiento del Sombrero su desconfianza sobre el Plan Michoac\u00e1n<\/strong>, y pidi\u00f3 a la presidenta Claudia Sheinbaum Pardo\u00a0<strong>no salir a descalificar las\u00a0marchas de protesta de este s\u00e1bado 15 de noviembre.<\/strong><\/p>\n<p><strong>&#8216;Lo \u00fanico que quiere el pueblo de M\u00e9xico es paz, que es lo que le cost\u00f3 la vida a\u00a0nuestro l\u00edder Carlos Manzo.\u00a0Hago un llamado al Gobierno federal para no descalificar esta movilizaci\u00f3n porque tienen que respetar el derecho a la libre manifestaci\u00f3n&#8217;,<\/strong>\u00a0dijo\u00a0Carlos Bautista, diputado independiente\u00a0del Movimiento del Sombrero.<\/p>\n<p>Asimismo, aclar\u00f3 que los organizadores de la\u00a0marcha de la Generaci\u00f3n Z\u00a0invitaron a representantes del Movimiento del Sombrero, pero\u00a0<strong>&#8216;no s\u00e9 qui\u00e9n la organiz\u00f3&#8217;.<\/strong><\/p>\n<p><strong>&#8216;Yo voy a ir. Yo quiero dar acompa\u00f1amiento a las personas que creen en este movimiento. Hago un llamado a los manifestantes a que\u00a0repudien las expresiones violentas&#8217;,<\/strong>\u00a0pidi\u00f3.<\/p>\n","protected":false},"excerpt":{"rendered":"<p>MOVIMIENTO DEL SOMBRERO EXHORTA A SHEINBAUM NO DESACREDITAR MARCHA DE LA GENERACI\u00d3N Z Expres\u00f3 el\u00a0Movimiento del Sombrero su desconfianza sobre el Plan Michoac\u00e1n, y pidi\u00f3 a la presidenta Claudia Sheinbaum Pardo\u00a0no salir a descalificar las\u00a0marchas de protesta de este s\u00e1bado 15 de noviembre. &#8216;Lo \u00fanico que quiere el pueblo de M\u00e9xico es paz, que es [&hellip;]<\/p>\n","protected":false},"author":1,"featured_media":5390,"comment_status":"open","ping_status":"open","sticky":false,"template":"","format":"standard","meta":{"footnotes":""},"categories":[4,3],"tags":[],"class_list":["post-5389","post","type-post","status-publish","format-standard","has-post-thumbnail","hentry","category-noticias","category-politica"],"_links":{"self":[{"href":"https:\/\/trabucoradio.com\/home\/index.php?rest_route=\/wp\/v2\/posts\/5389","targetHints":{"allow":["GET"]}}],"collection":[{"href":"https:\/\/trabucoradio.com\/home\/index.php?rest_route=\/wp\/v2\/posts"}],"about":[{"href":"https:\/\/trabucoradio.com\/home\/index.php?rest_route=\/wp\/v2\/types\/post"}],"author":[{"embeddable":true,"href":"https:\/\/trabucoradio.com\/home\/index.php?rest_route=\/wp\/v2\/users\/1"}],"replies":[{"embeddable":true,"href":"https:\/\/trabucoradio.com\/home\/index.php?rest_route=%2Fwp%2Fv2%2Fcomments&post=5389"}],"version-history":[{"count":1,"href":"https:\/\/trabucoradio.com\/home\/index.php?rest_route=\/wp\/v2\/posts\/5389\/revisions"}],"predecessor-version":[{"id":5391,"href":"https:\/\/trabucoradio.com\/home\/index.php?rest_route=\/wp\/v2\/posts\/5389\/revisions\/5391"}],"wp:featuredmedia":[{"embeddable":true,"href":"https:\/\/trabucoradio.com\/home\/index.php?rest_route=\/wp\/v2\/media\/5390"}],"wp:attachment":[{"href":"https:\/\/trabucoradio.com\/home\/index.php?rest_route=%2Fwp%2Fv2%2Fmedia&parent=5389"}],"wp:term":[{"taxonomy":"category","embeddable":true,"href":"https:\/\/trabucoradio.com\/home\/index.php?rest_route=%2Fwp%2Fv2%2Fcategories&post=5389"},{"taxonomy":"post_tag","embeddable":true,"href":"https:\/\/trabucoradio.com\/home\/index.php?rest_route=%2Fwp%2Fv2%2Ftags&post=5389"}],"curies":[{"name":"wp","href":"https:\/\/api.w.org\/{rel}","templated":true}]}}