{"id":5383,"date":"2025-11-15T12:25:07","date_gmt":"2025-11-15T18:25:07","guid":{"rendered":"https:\/\/trabucoradio.com\/home\/?p=5383"},"modified":"2025-11-15T12:25:07","modified_gmt":"2025-11-15T18:25:07","slug":"generacion-z-marcha-en-las-calles-de-la-cdmx-para-exigir-mas-seguridad","status":"publish","type":"post","link":"https:\/\/trabucoradio.com\/home\/?p=5383","title":{"rendered":"&#8216;GENERACI\u00d3N Z&#8217; MARCHA EN LAS CALLES DE LA CDMX PARA EXIGIR M\u00c1S SEGURIDAD"},"content":{"rendered":"<p><strong>&#8216;GENERACI\u00d3N Z&#8217; MARCHA EN LAS CALLES DE LA CDMX PARA EXIGIR M\u00c1S SEGURIDAD<\/strong><\/p>\n<p>Personas de todas las edades, se reunieron este s\u00e1bado en el \u00c1ngel de la Independencia, sobre Paseo de la Reforma,<strong>\u00a0para dar inicio a la marcha de la &#8216;Generaci\u00f3n Z&#8217;\u00a0\u00a0en la Ciudad de M\u00e9xico.<\/strong><\/p>\n<p>El recorrido concluir\u00e1 en el Z\u00f3calo capitalino, frente al Palacio Nacional,<strong>\u00a0donde se prev\u00e9 la lectura de un posicionamiento general por parte de los organizadores<\/strong><\/p>\n<p>Con carteles y la caracter\u00edstica bandera del movimiento que se ha observado en diferentes pa\u00edses:<strong>\u00a0la\u00a0calavera con sombrero del anime \u00abOne Piece\u00bb.\u00a0<\/strong><\/p>\n<p>Cabe destacar que las autoridades capitalinas esperan la presencia de cinco a siete mil asistentes.\u00a0<strong>\u00a0Y d\u00edas antes se report\u00f3 que las inmediaciones de\u00a0Palacio Nacional\u00a0y otros monumentos fueron resguardados con vallas que impedir\u00e1n el paso de los manifestantes,\u00a0<\/strong>as\u00ed como el da\u00f1o a los mismos con\u00a0pintas e incluso\u00a0destrucci\u00f3n de algunos; la ma\u00f1ana de este s\u00e1bado dicha seguridad fue reforzada.<\/p>\n<p>&nbsp;<\/p>\n","protected":false},"excerpt":{"rendered":"<p>&#8216;GENERACI\u00d3N Z&#8217; MARCHA EN LAS CALLES DE LA CDMX PARA EXIGIR M\u00c1S SEGURIDAD Personas de todas las edades, se reunieron este s\u00e1bado en el \u00c1ngel de la Independencia, sobre Paseo de la Reforma,\u00a0para dar inicio a la marcha de la &#8216;Generaci\u00f3n Z&#8217;\u00a0\u00a0en la Ciudad de M\u00e9xico. El recorrido concluir\u00e1 en el Z\u00f3calo capitalino, frente al [&hellip;]<\/p>\n","protected":false},"author":1,"featured_media":5384,"comment_status":"open","ping_status":"open","sticky":false,"template":"","format":"standard","meta":{"footnotes":""},"categories":[4],"tags":[],"class_list":["post-5383","post","type-post","status-publish","format-standard","has-post-thumbnail","hentry","category-noticias"],"_links":{"self":[{"href":"https:\/\/trabucoradio.com\/home\/index.php?rest_route=\/wp\/v2\/posts\/5383","targetHints":{"allow":["GET"]}}],"collection":[{"href":"https:\/\/trabucoradio.com\/home\/index.php?rest_route=\/wp\/v2\/posts"}],"about":[{"href":"https:\/\/trabucoradio.com\/home\/index.php?rest_route=\/wp\/v2\/types\/post"}],"author":[{"embeddable":true,"href":"https:\/\/trabucoradio.com\/home\/index.php?rest_route=\/wp\/v2\/users\/1"}],"replies":[{"embeddable":true,"href":"https:\/\/trabucoradio.com\/home\/index.php?rest_route=%2Fwp%2Fv2%2Fcomments&post=5383"}],"version-history":[{"count":1,"href":"https:\/\/trabucoradio.com\/home\/index.php?rest_route=\/wp\/v2\/posts\/5383\/revisions"}],"predecessor-version":[{"id":5385,"href":"https:\/\/trabucoradio.com\/home\/index.php?rest_route=\/wp\/v2\/posts\/5383\/revisions\/5385"}],"wp:featuredmedia":[{"embeddable":true,"href":"https:\/\/trabucoradio.com\/home\/index.php?rest_route=\/wp\/v2\/media\/5384"}],"wp:attachment":[{"href":"https:\/\/trabucoradio.com\/home\/index.php?rest_route=%2Fwp%2Fv2%2Fmedia&parent=5383"}],"wp:term":[{"taxonomy":"category","embeddable":true,"href":"https:\/\/trabucoradio.com\/home\/index.php?rest_route=%2Fwp%2Fv2%2Fcategories&post=5383"},{"taxonomy":"post_tag","embeddable":true,"href":"https:\/\/trabucoradio.com\/home\/index.php?rest_route=%2Fwp%2Fv2%2Ftags&post=5383"}],"curies":[{"name":"wp","href":"https:\/\/api.w.org\/{rel}","templated":true}]}}