{"id":5374,"date":"2025-11-10T08:29:53","date_gmt":"2025-11-10T14:29:53","guid":{"rendered":"https:\/\/trabucoradio.com\/home\/?p=5374"},"modified":"2025-11-10T08:29:53","modified_gmt":"2025-11-10T14:29:53","slug":"festejos-a-la-virgen-de-guadalupe-inician-el-30-de-noviembre-diocesis-de-tabasco","status":"publish","type":"post","link":"https:\/\/trabucoradio.com\/home\/?p=5374","title":{"rendered":"FESTEJOS A LA VIRGEN DE GUADALUPE INICIAN EL 30 DE NOVIEMBRE: DI\u00d3CESIS DE TABASCO"},"content":{"rendered":"<p><strong>FESTEJOS A LA VIRGEN DE GUADALUPE INICIAN EL 30 DE NOVIEMBRE: DI\u00d3CESIS DE TABASCO<\/strong><\/p>\n<p>Las actividades de las\u00a0<b>Fiestas del Santuario de la Guadalupe<\/b>\u00a0en Tabasco dar\u00e1n comienzo el pr\u00f3ximo domingo\u00a0<b>30 de noviembre<\/b>,\u00a0inform\u00f3 la Di\u00f3cesis local a trav\u00e9s de su vocero, el padre Denis Ochoa Vidal.<\/p>\n<p>Para inaugurar los festejos, se llevar\u00e1 a cabo la segunda edici\u00f3n de la\u00a0<b>carrera atl\u00e9tica y caminata recreativa<\/b>\u00a0en las inmediaciones del templo.<\/p>\n<p>Esta jornada deportiva, denominada \u00abCarrera de la Fe\u00bb, iniciar\u00e1 a las\u00a0<b>6 de la ma\u00f1ana<\/b>\u00a0y contar\u00e1 con dos modalidades: una caminata familiar alrededor del santuario y una carrera atl\u00e9tica competitiva de 5 kil\u00f3metros.<\/p>\n<p>Los interesados en participar pueden realizar su inscripci\u00f3n en las oficinas del propio santuario.<\/p>\n<p>Posteriormente, por la tarde del mismo d\u00eda, se realizar\u00e1 un acto de gran relevancia religiosa.<\/p>\n<p>A las\u00a0<b>5 de la tarde<\/b>, los fieles se congregar\u00e1n en la\u00a0<b>Catedral<\/b>\u00a0para iniciar una\u00a0<b>peregrinaci\u00f3n<\/b>\u00a0que culminar\u00e1 en el Santuario.<\/p>\n<p>El objetivo de esta procesi\u00f3n es trasladar la\u00a0<b>corona<\/b>\u00a0destinada a la coronaci\u00f3n de la imagen de la Sant\u00edsima Virgen de Guadalupe, marcando as\u00ed el inicio formal de las festividades guadalupanas.<\/p>\n","protected":false},"excerpt":{"rendered":"<p>FESTEJOS A LA VIRGEN DE GUADALUPE INICIAN EL 30 DE NOVIEMBRE: DI\u00d3CESIS DE TABASCO Las actividades de las\u00a0Fiestas del Santuario de la Guadalupe\u00a0en Tabasco dar\u00e1n comienzo el pr\u00f3ximo domingo\u00a030 de noviembre,\u00a0inform\u00f3 la Di\u00f3cesis local a trav\u00e9s de su vocero, el padre Denis Ochoa Vidal. Para inaugurar los festejos, se llevar\u00e1 a cabo la segunda edici\u00f3n [&hellip;]<\/p>\n","protected":false},"author":1,"featured_media":5375,"comment_status":"open","ping_status":"open","sticky":false,"template":"","format":"standard","meta":{"footnotes":""},"categories":[4],"tags":[],"class_list":["post-5374","post","type-post","status-publish","format-standard","has-post-thumbnail","hentry","category-noticias"],"_links":{"self":[{"href":"https:\/\/trabucoradio.com\/home\/index.php?rest_route=\/wp\/v2\/posts\/5374","targetHints":{"allow":["GET"]}}],"collection":[{"href":"https:\/\/trabucoradio.com\/home\/index.php?rest_route=\/wp\/v2\/posts"}],"about":[{"href":"https:\/\/trabucoradio.com\/home\/index.php?rest_route=\/wp\/v2\/types\/post"}],"author":[{"embeddable":true,"href":"https:\/\/trabucoradio.com\/home\/index.php?rest_route=\/wp\/v2\/users\/1"}],"replies":[{"embeddable":true,"href":"https:\/\/trabucoradio.com\/home\/index.php?rest_route=%2Fwp%2Fv2%2Fcomments&post=5374"}],"version-history":[{"count":1,"href":"https:\/\/trabucoradio.com\/home\/index.php?rest_route=\/wp\/v2\/posts\/5374\/revisions"}],"predecessor-version":[{"id":5376,"href":"https:\/\/trabucoradio.com\/home\/index.php?rest_route=\/wp\/v2\/posts\/5374\/revisions\/5376"}],"wp:featuredmedia":[{"embeddable":true,"href":"https:\/\/trabucoradio.com\/home\/index.php?rest_route=\/wp\/v2\/media\/5375"}],"wp:attachment":[{"href":"https:\/\/trabucoradio.com\/home\/index.php?rest_route=%2Fwp%2Fv2%2Fmedia&parent=5374"}],"wp:term":[{"taxonomy":"category","embeddable":true,"href":"https:\/\/trabucoradio.com\/home\/index.php?rest_route=%2Fwp%2Fv2%2Fcategories&post=5374"},{"taxonomy":"post_tag","embeddable":true,"href":"https:\/\/trabucoradio.com\/home\/index.php?rest_route=%2Fwp%2Fv2%2Ftags&post=5374"}],"curies":[{"name":"wp","href":"https:\/\/api.w.org\/{rel}","templated":true}]}}