{"id":5370,"date":"2025-11-08T11:16:38","date_gmt":"2025-11-08T17:16:38","guid":{"rendered":"https:\/\/trabucoradio.com\/home\/?p=5370"},"modified":"2025-11-08T11:16:38","modified_gmt":"2025-11-08T17:16:38","slug":"segob-arranca-la-primera-sesion-del-sistema-nacional-de-busqueda","status":"publish","type":"post","link":"https:\/\/trabucoradio.com\/home\/?p=5370","title":{"rendered":"SEGOB ARRANCA LA PRIMERA SESI\u00d3N DEL SISTEMA NACIONAL DE B\u00daSQUEDA"},"content":{"rendered":"<p><strong>SEGOB ARRANCA LA PRIMERA SESI\u00d3N DEL SISTEMA NACIONAL DE B\u00daSQUEDA<\/strong><\/p>\n<p>La secretaria de gobernaci\u00f3n, Rosa Icela Rodr\u00edguez, encabez\u00f3 la primera sesi\u00f3n del Sistema Nacional de B\u00fasqueda de personas que<strong>, dijo, arranque con retos pero tambi\u00e9n con nuevas herramientas.<\/strong><\/p>\n<p>La funcionaria dijo que el gobierno tiene el\u00a0<strong>objetivo de fortalecer los procesos de b\u00fasqueda, localizaci\u00f3n e identificaci\u00f3n de personas junto con estados y municipios.<\/strong><\/p>\n<p align=\"justify\">De acuerdo al comunicado, la Segobm inform\u00f3 que\u00a0<strong>&#8216;este sistema inicia una nueva etapa con mejores herramientas, pero tambi\u00e9n con retos de implementaci\u00f3n para garantizar la atenci\u00f3n integral y especializada a las familias, con perspectiva de g\u00e9nero y enfoque de derechos humanos&#8217;.<\/strong><\/p>\n<p align=\"justify\">Adem\u00e1s, convoc\u00f3 los integrantes del Sistema a hacer un Plan Nacional de B\u00fasqueda bien organizado,\u00a0<strong>con expectativas de lo que espera la poblaci\u00f3n e indicadores precisos de trabajo.<\/strong><\/p>\n<p>Mientras tanto, la titular de la Comisi\u00f3n Nacional de B\u00fasqueda, Martha Lidia P\u00e9rez,\u00a0<strong>convoc\u00f3 a las autoridades estatales a participar en reuniones regionales para concluir la elaboraci\u00f3n de los planes regionales.<\/strong><\/p>\n<p>Adem\u00e1s,<strong>\u00a0propuso la reactivaci\u00f3n de la Comisi\u00f3n de Implementaci\u00f3n, Monitoreo, Evaluaci\u00f3n; actualizaci\u00f3n del Protocolo Homologado de B\u00fasqueda,<\/strong>\u00a0y un grupo de trabajo con autoridades y el Consejo Nacional Ciudadano para la generaci\u00f3n del anteproyecto de Reglamento de la Ley General.<\/p>\n<p>&nbsp;<\/p>\n","protected":false},"excerpt":{"rendered":"<p>SEGOB ARRANCA LA PRIMERA SESI\u00d3N DEL SISTEMA NACIONAL DE B\u00daSQUEDA La secretaria de gobernaci\u00f3n, Rosa Icela Rodr\u00edguez, encabez\u00f3 la primera sesi\u00f3n del Sistema Nacional de B\u00fasqueda de personas que, dijo, arranque con retos pero tambi\u00e9n con nuevas herramientas. La funcionaria dijo que el gobierno tiene el\u00a0objetivo de fortalecer los procesos de b\u00fasqueda, localizaci\u00f3n e identificaci\u00f3n [&hellip;]<\/p>\n","protected":false},"author":1,"featured_media":5371,"comment_status":"open","ping_status":"open","sticky":false,"template":"","format":"standard","meta":{"footnotes":""},"categories":[3],"tags":[],"class_list":["post-5370","post","type-post","status-publish","format-standard","has-post-thumbnail","hentry","category-politica"],"_links":{"self":[{"href":"https:\/\/trabucoradio.com\/home\/index.php?rest_route=\/wp\/v2\/posts\/5370","targetHints":{"allow":["GET"]}}],"collection":[{"href":"https:\/\/trabucoradio.com\/home\/index.php?rest_route=\/wp\/v2\/posts"}],"about":[{"href":"https:\/\/trabucoradio.com\/home\/index.php?rest_route=\/wp\/v2\/types\/post"}],"author":[{"embeddable":true,"href":"https:\/\/trabucoradio.com\/home\/index.php?rest_route=\/wp\/v2\/users\/1"}],"replies":[{"embeddable":true,"href":"https:\/\/trabucoradio.com\/home\/index.php?rest_route=%2Fwp%2Fv2%2Fcomments&post=5370"}],"version-history":[{"count":1,"href":"https:\/\/trabucoradio.com\/home\/index.php?rest_route=\/wp\/v2\/posts\/5370\/revisions"}],"predecessor-version":[{"id":5372,"href":"https:\/\/trabucoradio.com\/home\/index.php?rest_route=\/wp\/v2\/posts\/5370\/revisions\/5372"}],"wp:featuredmedia":[{"embeddable":true,"href":"https:\/\/trabucoradio.com\/home\/index.php?rest_route=\/wp\/v2\/media\/5371"}],"wp:attachment":[{"href":"https:\/\/trabucoradio.com\/home\/index.php?rest_route=%2Fwp%2Fv2%2Fmedia&parent=5370"}],"wp:term":[{"taxonomy":"category","embeddable":true,"href":"https:\/\/trabucoradio.com\/home\/index.php?rest_route=%2Fwp%2Fv2%2Fcategories&post=5370"},{"taxonomy":"post_tag","embeddable":true,"href":"https:\/\/trabucoradio.com\/home\/index.php?rest_route=%2Fwp%2Fv2%2Ftags&post=5370"}],"curies":[{"name":"wp","href":"https:\/\/api.w.org\/{rel}","templated":true}]}}