{"id":5364,"date":"2025-11-08T11:11:39","date_gmt":"2025-11-08T17:11:39","guid":{"rendered":"https:\/\/trabucoradio.com\/home\/?p=5364"},"modified":"2025-11-08T11:11:39","modified_gmt":"2025-11-08T17:11:39","slug":"familiares-de-victimas-del-incendio-en-waldos-piden-justicia-y-temen-que-tragedia-se-repita","status":"publish","type":"post","link":"https:\/\/trabucoradio.com\/home\/?p=5364","title":{"rendered":"FAMILIARES DE V\u00cdCTIMAS DEL INCENDIO EN WALDO\u2019S PIDEN JUSTICIA Y TEMEN QUE TRAGEDIA SE REPITA"},"content":{"rendered":"<p><strong>FAMILIARES DE V\u00cdCTIMAS DEL INCENDIO EN WALDO\u2019S PIDEN JUSTICIA Y TEMEN QUE TRAGEDIA SE REPITA<\/strong><\/p>\n<p><span style=\"color: #080809;\"><span style=\"font-family: inherit;\"><span style=\"font-size: medium;\">A una semana del incendio en una tienda de la cadena Waldo\u2019s en el centro de Hermosillo, capital del estado de Sonora, noroeste de M\u00e9xico, que<strong>\u00a0ha dejado 24 muertos, familiares de v\u00edctimas y sobrevivientes mantienen su exigencia de justicia, en medio del miedo de que ocurra una nueva desgracia,\u00a0<\/strong>pues aseguran que varios inmuebles cercanos al lugar del siniestro no cuentan con un plan de mantenimiento en sus instalaciones.<\/span><\/span><\/span><\/p>\n<p><span style=\"color: #080809;\"><span style=\"font-family: inherit;\"><span style=\"font-size: medium;\">Eusebio Arias, t\u00edo de la joven Joanna Hern\u00e1ndez, de 20 a\u00f1os,\u00a0<strong>estudiante y cajera de la tienda y quien falleci\u00f3 en el incendio, acus\u00f3 que la falta de mantenimiento al suministro de energ\u00eda el\u00e9ctrica gener\u00f3 la explosi\u00f3n.<\/strong><\/span><\/span><\/span><\/p>\n<p><span style=\"color: #080809;\"><strong>\u201c<\/strong><span style=\"font-family: inherit;\"><span style=\"font-size: medium;\"><strong>Queremos respuestas, tenemos comercios obsoletos, muy viejos que necesitan mantenimiento, los que caminamos las calles de Hermosillo lo sabemos y tambi\u00e9n en otras ciudades\u00bb,<\/strong>\u00a0expuso a Efe.<\/span><\/span><\/span><\/p>\n<p><span style=\"color: #080809;\"><span style=\"font-family: inherit;\"><span style=\"font-size: medium;\">El familiar consider\u00f3 que \u00ab<strong>es responsabilidad del gobierno, la tienda y el personal a cargo del sistema el\u00e9ctrico, por la falta de mantenimiento se sobrecalent\u00f3 y explot\u00f3, es responsabilidad de la compa\u00f1\u00eda, tambi\u00e9n de la CFE (Comisi\u00f3n Federal de Electricidad)\u00bb.<\/strong><\/span><\/span><\/span><\/p>\n<p><span style=\"color: #080809;\"><span style=\"font-family: inherit;\"><span style=\"font-size: medium;\">Hasta ahora, 24 personas han muerto tras el incendio y 14 m\u00e1s resultaron lesionadas, lo que provoc\u00f3 que a media semana cientos de personas marcharan por calles del Centro Hist\u00f3rico de Hermosillo para exigir a las autoridades justicia por las v\u00edctimas del siniestro.<\/span><\/span><\/span><\/p>\n","protected":false},"excerpt":{"rendered":"<p>FAMILIARES DE V\u00cdCTIMAS DEL INCENDIO EN WALDO\u2019S PIDEN JUSTICIA Y TEMEN QUE TRAGEDIA SE REPITA A una semana del incendio en una tienda de la cadena Waldo\u2019s en el centro de Hermosillo, capital del estado de Sonora, noroeste de M\u00e9xico, que\u00a0ha dejado 24 muertos, familiares de v\u00edctimas y sobrevivientes mantienen su exigencia de justicia, en [&hellip;]<\/p>\n","protected":false},"author":1,"featured_media":5365,"comment_status":"open","ping_status":"open","sticky":false,"template":"","format":"standard","meta":{"footnotes":""},"categories":[4],"tags":[],"class_list":["post-5364","post","type-post","status-publish","format-standard","has-post-thumbnail","hentry","category-noticias"],"_links":{"self":[{"href":"https:\/\/trabucoradio.com\/home\/index.php?rest_route=\/wp\/v2\/posts\/5364","targetHints":{"allow":["GET"]}}],"collection":[{"href":"https:\/\/trabucoradio.com\/home\/index.php?rest_route=\/wp\/v2\/posts"}],"about":[{"href":"https:\/\/trabucoradio.com\/home\/index.php?rest_route=\/wp\/v2\/types\/post"}],"author":[{"embeddable":true,"href":"https:\/\/trabucoradio.com\/home\/index.php?rest_route=\/wp\/v2\/users\/1"}],"replies":[{"embeddable":true,"href":"https:\/\/trabucoradio.com\/home\/index.php?rest_route=%2Fwp%2Fv2%2Fcomments&post=5364"}],"version-history":[{"count":1,"href":"https:\/\/trabucoradio.com\/home\/index.php?rest_route=\/wp\/v2\/posts\/5364\/revisions"}],"predecessor-version":[{"id":5366,"href":"https:\/\/trabucoradio.com\/home\/index.php?rest_route=\/wp\/v2\/posts\/5364\/revisions\/5366"}],"wp:featuredmedia":[{"embeddable":true,"href":"https:\/\/trabucoradio.com\/home\/index.php?rest_route=\/wp\/v2\/media\/5365"}],"wp:attachment":[{"href":"https:\/\/trabucoradio.com\/home\/index.php?rest_route=%2Fwp%2Fv2%2Fmedia&parent=5364"}],"wp:term":[{"taxonomy":"category","embeddable":true,"href":"https:\/\/trabucoradio.com\/home\/index.php?rest_route=%2Fwp%2Fv2%2Fcategories&post=5364"},{"taxonomy":"post_tag","embeddable":true,"href":"https:\/\/trabucoradio.com\/home\/index.php?rest_route=%2Fwp%2Fv2%2Ftags&post=5364"}],"curies":[{"name":"wp","href":"https:\/\/api.w.org\/{rel}","templated":true}]}}