{"id":5358,"date":"2025-11-06T10:09:31","date_gmt":"2025-11-06T16:09:31","guid":{"rendered":"https:\/\/trabucoradio.com\/home\/?p=5358"},"modified":"2025-11-06T10:09:31","modified_gmt":"2025-11-06T16:09:31","slug":"el-legado-de-mi-esposo-esta-mas-fuerte-que-nunca-asegura-grecia-quiroz","status":"publish","type":"post","link":"https:\/\/trabucoradio.com\/home\/?p=5358","title":{"rendered":"EL LEGADO DE MI ESPOSO &#8216;EST\u00c1 M\u00c1S FUERTE QUE NUNCA&#8217;, ASEGURA GRECIA QUIROZ"},"content":{"rendered":"<p><strong>EL LEGADO DE MI ESPOSO &#8216;EST\u00c1 M\u00c1S FUERTE QUE NUNCA&#8217;, ASEGURA GRECIA QUIROZ<\/strong><\/p>\n<p><strong>Grecia Quiroz,<\/strong>\u00a0viuda del alcalde Carlos Manzo, asesinado el 1 de noviembre pasado tras un evento p\u00fablico, tom\u00f3 posesi\u00f3n este mi\u00e9rcoles como presidenta municipal sustituta de la ciudad de Uruapan, en el estado de Michoac\u00e1n, oeste de M\u00e9xico, y asegur\u00f3 que el legado de su esposo, de lucha y de justicia,<strong>\u00a0\u00abest\u00e1 m\u00e1s fuerte que nunca\u00bb.<\/strong><\/p>\n<p>El nombramiento de Quiroz, quien ser\u00e1 la alcaldesa del lugar durante el periodo 2024-2027,<strong>\u00a0se dio durante la sesi\u00f3n extraordinaria del Congreso del estado de Michoac\u00e1n que en d\u00edas anteriores aprob\u00f3 la propuesta del diputado del &#8216;Movimiento Independiente del Sombrero&#8217;, Carlos Bautista, con 38 votos a favor de los 40 diputados que integran la legislatura.<\/strong><\/p>\n<p><strong>\u00abHoy no vengo con un discurso vac\u00edo, como muchos que los pol\u00edticos acostumbran a hacer. Hoy vengo con el coraz\u00f3n destrozado, porque me quitaron a mi compa\u00f1ero de vida, a mi compa\u00f1ero de lucha, al padre de mis hijos, pero hoy tambi\u00e9n vengo con este valor que \u00e9l me ense\u00f1\u00f3\u00bb,<\/strong>\u00a0dijo Quiroz al aceptar el nombramiento.<\/p>\n","protected":false},"excerpt":{"rendered":"<p>EL LEGADO DE MI ESPOSO &#8216;EST\u00c1 M\u00c1S FUERTE QUE NUNCA&#8217;, ASEGURA GRECIA QUIROZ Grecia Quiroz,\u00a0viuda del alcalde Carlos Manzo, asesinado el 1 de noviembre pasado tras un evento p\u00fablico, tom\u00f3 posesi\u00f3n este mi\u00e9rcoles como presidenta municipal sustituta de la ciudad de Uruapan, en el estado de Michoac\u00e1n, oeste de M\u00e9xico, y asegur\u00f3 que el legado [&hellip;]<\/p>\n","protected":false},"author":1,"featured_media":5359,"comment_status":"open","ping_status":"open","sticky":false,"template":"","format":"standard","meta":{"footnotes":""},"categories":[4,3],"tags":[],"class_list":["post-5358","post","type-post","status-publish","format-standard","has-post-thumbnail","hentry","category-noticias","category-politica"],"_links":{"self":[{"href":"https:\/\/trabucoradio.com\/home\/index.php?rest_route=\/wp\/v2\/posts\/5358","targetHints":{"allow":["GET"]}}],"collection":[{"href":"https:\/\/trabucoradio.com\/home\/index.php?rest_route=\/wp\/v2\/posts"}],"about":[{"href":"https:\/\/trabucoradio.com\/home\/index.php?rest_route=\/wp\/v2\/types\/post"}],"author":[{"embeddable":true,"href":"https:\/\/trabucoradio.com\/home\/index.php?rest_route=\/wp\/v2\/users\/1"}],"replies":[{"embeddable":true,"href":"https:\/\/trabucoradio.com\/home\/index.php?rest_route=%2Fwp%2Fv2%2Fcomments&post=5358"}],"version-history":[{"count":1,"href":"https:\/\/trabucoradio.com\/home\/index.php?rest_route=\/wp\/v2\/posts\/5358\/revisions"}],"predecessor-version":[{"id":5360,"href":"https:\/\/trabucoradio.com\/home\/index.php?rest_route=\/wp\/v2\/posts\/5358\/revisions\/5360"}],"wp:featuredmedia":[{"embeddable":true,"href":"https:\/\/trabucoradio.com\/home\/index.php?rest_route=\/wp\/v2\/media\/5359"}],"wp:attachment":[{"href":"https:\/\/trabucoradio.com\/home\/index.php?rest_route=%2Fwp%2Fv2%2Fmedia&parent=5358"}],"wp:term":[{"taxonomy":"category","embeddable":true,"href":"https:\/\/trabucoradio.com\/home\/index.php?rest_route=%2Fwp%2Fv2%2Fcategories&post=5358"},{"taxonomy":"post_tag","embeddable":true,"href":"https:\/\/trabucoradio.com\/home\/index.php?rest_route=%2Fwp%2Fv2%2Ftags&post=5358"}],"curies":[{"name":"wp","href":"https:\/\/api.w.org\/{rel}","templated":true}]}}