{"id":5355,"date":"2025-11-06T10:06:57","date_gmt":"2025-11-06T16:06:57","guid":{"rendered":"https:\/\/trabucoradio.com\/home\/?p=5355"},"modified":"2025-11-06T10:06:57","modified_gmt":"2025-11-06T16:06:57","slug":"exgobernador-de-veracruz-podria-recuperar-su-libertad-la-proxima-semana","status":"publish","type":"post","link":"https:\/\/trabucoradio.com\/home\/?p=5355","title":{"rendered":"EXGOBERNADOR DE VERACRUZ PODR\u00cdA RECUPERAR SU LIBERTAD LA PR\u00d3XIMA SEMANA"},"content":{"rendered":"<p><strong>EXGOBERNADOR DE VERACRUZ PODR\u00cdA RECUPERAR SU LIBERTAD LA PR\u00d3XIMA SEMANA<\/strong><\/p>\n<p>El pr\u00f3ximo mi\u00e9rcoles 12, la jueza\u00a0<strong>\u00c1ngela Zamorano Herrera<\/strong>\u00a0podr\u00eda autorizar la excarcelaci\u00f3n anticipada del exgobernador de Veracruz, Javier Duarte de Ochoa, revel\u00f3 el peri\u00f3dico El Pa\u00eds.<\/p>\n<p><strong>&#8216;De hecho, el exgobernador, a quien su partido expuls\u00f3 en octubre de 2016, ya se despidi\u00f3 de sus compa\u00f1eros de reclusi\u00f3n la noche del s\u00e1bado, seg\u00fan las fuentes penitenciarias consultadas. Hubo una mariscada, refrescos y bebidas alcoh\u00f3licas, en una fiesta en la que estuvieron otros hombres sentenciados por delitos de corrupci\u00f3n y crimen organizado y con los que Duarte conviv\u00eda en el Dormitorio 2&#8217;,<\/strong>\u00a0se\u00f1al\u00f3 el medio.<\/p>\n<p>Duarte de Ochoa pidi\u00f3 su liberaci\u00f3n anticipada del Reclusorio Norte, en Ciudad de M\u00e9xico,\u00a0<strong>seg\u00fan han confirmado fuentes penitenciarias y la propia defensa del exmandatario a EL PA\u00cdS.<\/strong><\/p>\n","protected":false},"excerpt":{"rendered":"<p>EXGOBERNADOR DE VERACRUZ PODR\u00cdA RECUPERAR SU LIBERTAD LA PR\u00d3XIMA SEMANA El pr\u00f3ximo mi\u00e9rcoles 12, la jueza\u00a0\u00c1ngela Zamorano Herrera\u00a0podr\u00eda autorizar la excarcelaci\u00f3n anticipada del exgobernador de Veracruz, Javier Duarte de Ochoa, revel\u00f3 el peri\u00f3dico El Pa\u00eds. &#8216;De hecho, el exgobernador, a quien su partido expuls\u00f3 en octubre de 2016, ya se despidi\u00f3 de sus compa\u00f1eros de [&hellip;]<\/p>\n","protected":false},"author":1,"featured_media":5356,"comment_status":"open","ping_status":"open","sticky":false,"template":"","format":"standard","meta":{"footnotes":""},"categories":[4,3],"tags":[],"class_list":["post-5355","post","type-post","status-publish","format-standard","has-post-thumbnail","hentry","category-noticias","category-politica"],"_links":{"self":[{"href":"https:\/\/trabucoradio.com\/home\/index.php?rest_route=\/wp\/v2\/posts\/5355","targetHints":{"allow":["GET"]}}],"collection":[{"href":"https:\/\/trabucoradio.com\/home\/index.php?rest_route=\/wp\/v2\/posts"}],"about":[{"href":"https:\/\/trabucoradio.com\/home\/index.php?rest_route=\/wp\/v2\/types\/post"}],"author":[{"embeddable":true,"href":"https:\/\/trabucoradio.com\/home\/index.php?rest_route=\/wp\/v2\/users\/1"}],"replies":[{"embeddable":true,"href":"https:\/\/trabucoradio.com\/home\/index.php?rest_route=%2Fwp%2Fv2%2Fcomments&post=5355"}],"version-history":[{"count":1,"href":"https:\/\/trabucoradio.com\/home\/index.php?rest_route=\/wp\/v2\/posts\/5355\/revisions"}],"predecessor-version":[{"id":5357,"href":"https:\/\/trabucoradio.com\/home\/index.php?rest_route=\/wp\/v2\/posts\/5355\/revisions\/5357"}],"wp:featuredmedia":[{"embeddable":true,"href":"https:\/\/trabucoradio.com\/home\/index.php?rest_route=\/wp\/v2\/media\/5356"}],"wp:attachment":[{"href":"https:\/\/trabucoradio.com\/home\/index.php?rest_route=%2Fwp%2Fv2%2Fmedia&parent=5355"}],"wp:term":[{"taxonomy":"category","embeddable":true,"href":"https:\/\/trabucoradio.com\/home\/index.php?rest_route=%2Fwp%2Fv2%2Fcategories&post=5355"},{"taxonomy":"post_tag","embeddable":true,"href":"https:\/\/trabucoradio.com\/home\/index.php?rest_route=%2Fwp%2Fv2%2Ftags&post=5355"}],"curies":[{"name":"wp","href":"https:\/\/api.w.org\/{rel}","templated":true}]}}