{"id":5352,"date":"2025-11-06T10:04:21","date_gmt":"2025-11-06T16:04:21","guid":{"rendered":"https:\/\/trabucoradio.com\/home\/?p=5352"},"modified":"2025-11-06T10:04:21","modified_gmt":"2025-11-06T16:04:21","slug":"identifican-al-homicida-del-alcalde-carlos-manzo-tenia-17-anos","status":"publish","type":"post","link":"https:\/\/trabucoradio.com\/home\/?p=5352","title":{"rendered":"IDENTIFICAN AL HOMICIDA DEL ALCALDE CARLOS MANZO, TEN\u00cdA 17 A\u00d1OS"},"content":{"rendered":"<p><strong>IDENTIFICAN AL HOMICIDA DEL ALCALDE CARLOS MANZO, TEN\u00cdA 17 A\u00d1OS<\/strong><\/p>\n<p>El cuerpo del sujeto que asesin\u00f3 a balazos a\u00a0<strong>Carlos Manzo<\/strong>, alcalde de Uruapan, ya fue identificado y reclamado, inform\u00f3 este jueves la\u00a0<strong>Fiscal\u00eda General del Estado de Michoac\u00e1n<\/strong>.<\/p>\n<p>En una conferencia de prensa, el fiscal Carlos Torres Pi\u00f1a detall\u00f3 que se trata de\u00a0<strong>V\u00edctor Manuel Vidales<\/strong>, un joven de 17 a\u00f1os de edad, y originario de Paracho, Michoac\u00e1n. amde\u00e1s, se determin\u00f3\u00a0que el menor ten\u00eda adicci\u00f3n a la metanfetamina.<\/p>\n<p>Indic\u00f3 que los familiares del autor material abatido\u00a0<strong>reclamaron su cuerpo<\/strong>\u00a0al reconocer que \u201cse ausent\u00f3 de su hogar hace una semana antes de los hechos\u201d. Tras los protocolos de identifcaci\u00f3n, las autoridades entregaron el cuerpo del agresor a la familia.<\/p>\n<p>Torres Pi\u00f1a reiter\u00f3 que el homicidio se relaciona con grupos de la\u00a0<strong>delincuencia organizada<\/strong>, asegurando que la identificaci\u00f3n del homicida permitir\u00e1 avanzar en la investigaci\u00f3n.<\/p>\n","protected":false},"excerpt":{"rendered":"<p>IDENTIFICAN AL HOMICIDA DEL ALCALDE CARLOS MANZO, TEN\u00cdA 17 A\u00d1OS El cuerpo del sujeto que asesin\u00f3 a balazos a\u00a0Carlos Manzo, alcalde de Uruapan, ya fue identificado y reclamado, inform\u00f3 este jueves la\u00a0Fiscal\u00eda General del Estado de Michoac\u00e1n. En una conferencia de prensa, el fiscal Carlos Torres Pi\u00f1a detall\u00f3 que se trata de\u00a0V\u00edctor Manuel Vidales, un [&hellip;]<\/p>\n","protected":false},"author":1,"featured_media":5353,"comment_status":"open","ping_status":"open","sticky":false,"template":"","format":"standard","meta":{"footnotes":""},"categories":[4],"tags":[],"class_list":["post-5352","post","type-post","status-publish","format-standard","has-post-thumbnail","hentry","category-noticias"],"_links":{"self":[{"href":"https:\/\/trabucoradio.com\/home\/index.php?rest_route=\/wp\/v2\/posts\/5352","targetHints":{"allow":["GET"]}}],"collection":[{"href":"https:\/\/trabucoradio.com\/home\/index.php?rest_route=\/wp\/v2\/posts"}],"about":[{"href":"https:\/\/trabucoradio.com\/home\/index.php?rest_route=\/wp\/v2\/types\/post"}],"author":[{"embeddable":true,"href":"https:\/\/trabucoradio.com\/home\/index.php?rest_route=\/wp\/v2\/users\/1"}],"replies":[{"embeddable":true,"href":"https:\/\/trabucoradio.com\/home\/index.php?rest_route=%2Fwp%2Fv2%2Fcomments&post=5352"}],"version-history":[{"count":1,"href":"https:\/\/trabucoradio.com\/home\/index.php?rest_route=\/wp\/v2\/posts\/5352\/revisions"}],"predecessor-version":[{"id":5354,"href":"https:\/\/trabucoradio.com\/home\/index.php?rest_route=\/wp\/v2\/posts\/5352\/revisions\/5354"}],"wp:featuredmedia":[{"embeddable":true,"href":"https:\/\/trabucoradio.com\/home\/index.php?rest_route=\/wp\/v2\/media\/5353"}],"wp:attachment":[{"href":"https:\/\/trabucoradio.com\/home\/index.php?rest_route=%2Fwp%2Fv2%2Fmedia&parent=5352"}],"wp:term":[{"taxonomy":"category","embeddable":true,"href":"https:\/\/trabucoradio.com\/home\/index.php?rest_route=%2Fwp%2Fv2%2Fcategories&post=5352"},{"taxonomy":"post_tag","embeddable":true,"href":"https:\/\/trabucoradio.com\/home\/index.php?rest_route=%2Fwp%2Fv2%2Ftags&post=5352"}],"curies":[{"name":"wp","href":"https:\/\/api.w.org\/{rel}","templated":true}]}}