{"id":5349,"date":"2025-11-06T10:02:12","date_gmt":"2025-11-06T16:02:12","guid":{"rendered":"https:\/\/trabucoradio.com\/home\/?p=5349"},"modified":"2025-11-06T10:02:12","modified_gmt":"2025-11-06T16:02:12","slug":"anuncian-el-4to-congreso-de-fibromialgia-2025-en-tabasco","status":"publish","type":"post","link":"https:\/\/trabucoradio.com\/home\/?p=5349","title":{"rendered":"ANUNCIAN EL 4TO CONGRESO DE FIBROMIALGIA 2025 EN TABASCO"},"content":{"rendered":"<p><strong>ANUNCIAN EL 4TO CONGRESO DE FIBROMIALGIA 2025 EN TABASCO<\/strong><\/p>\n<p>Este jueves fue presentado en rueda de prensa el\u00a0<strong>4to<\/strong>\u00a0<strong>Congreso<\/strong>\u00a0<strong>de<\/strong>\u00a0<strong>Fibromialgia<\/strong>\u00a02025, que se llevar\u00e1 a cabo el pr\u00f3ximo 28 de noviembre, a partir de las 8:00 de la ma\u00f1ana, en el auditorio de la\u00a0<strong>Universidad<\/strong>\u00a0<strong>del<\/strong>\u00a0<strong>Valle<\/strong>\u00a0<strong>de<\/strong>\u00a0<strong>M\u00e9xico<\/strong>\u00a0(UVM), campus Villahermosa.<\/p>\n<p>Con el lema \u201cUnidos por el Bienestar: Avances y Esperanza en Fibromialgia\u201d, el evento es organizado por la\u00a0<strong>Cadena<\/strong>\u00a0de\u00a0<strong>Ayuda<\/strong>\u00a0<strong>Contra<\/strong>\u00a0la\u00a0<strong>Fibromialgia<\/strong>,\u00a0<strong>Delegaci\u00f3n<\/strong>\u00a0<strong>Tabasco<\/strong>, y tiene como objetivo ofrecer orientaci\u00f3n, acompa\u00f1amiento y actualizaci\u00f3n m\u00e9dica a\u00a0<strong>pacientes<\/strong>,\u00a0<strong>familiares<\/strong>\u00a0y\u00a0<strong>profesionales<\/strong>\u00a0de la\u00a0<strong>salud<\/strong>\u00a0<strong>interesados<\/strong>\u00a0en esta enfermedad.<\/p>\n<p>De acuerdo con datos de la organizaci\u00f3n, en Tabasco se estima que alrededor de\u00a0<strong>500<\/strong>\u00a0<strong>personas<\/strong>\u00a0<strong>padecen<\/strong>\u00a0<strong>fibromialgia<\/strong>, un trastorno caracterizado por dolor muscular cr\u00f3nico, fatiga intensa y s\u00edntomas depresivos.\u00a0<strong>Aproximadamente<\/strong>\u00a0el\u00a0<strong>10<\/strong>\u00a0<strong>por<\/strong>\u00a0<strong>ciento<\/strong>\u00a0de los casos corresponde a j\u00f3venes, mientras que la mayor\u00eda de los pacientes son mujeres adultas.<\/p>\n","protected":false},"excerpt":{"rendered":"<p>ANUNCIAN EL 4TO CONGRESO DE FIBROMIALGIA 2025 EN TABASCO Este jueves fue presentado en rueda de prensa el\u00a04to\u00a0Congreso\u00a0de\u00a0Fibromialgia\u00a02025, que se llevar\u00e1 a cabo el pr\u00f3ximo 28 de noviembre, a partir de las 8:00 de la ma\u00f1ana, en el auditorio de la\u00a0Universidad\u00a0del\u00a0Valle\u00a0de\u00a0M\u00e9xico\u00a0(UVM), campus Villahermosa. Con el lema \u201cUnidos por el Bienestar: Avances y Esperanza en Fibromialgia\u201d, [&hellip;]<\/p>\n","protected":false},"author":1,"featured_media":5350,"comment_status":"open","ping_status":"open","sticky":false,"template":"","format":"standard","meta":{"footnotes":""},"categories":[4],"tags":[],"class_list":["post-5349","post","type-post","status-publish","format-standard","has-post-thumbnail","hentry","category-noticias"],"_links":{"self":[{"href":"https:\/\/trabucoradio.com\/home\/index.php?rest_route=\/wp\/v2\/posts\/5349","targetHints":{"allow":["GET"]}}],"collection":[{"href":"https:\/\/trabucoradio.com\/home\/index.php?rest_route=\/wp\/v2\/posts"}],"about":[{"href":"https:\/\/trabucoradio.com\/home\/index.php?rest_route=\/wp\/v2\/types\/post"}],"author":[{"embeddable":true,"href":"https:\/\/trabucoradio.com\/home\/index.php?rest_route=\/wp\/v2\/users\/1"}],"replies":[{"embeddable":true,"href":"https:\/\/trabucoradio.com\/home\/index.php?rest_route=%2Fwp%2Fv2%2Fcomments&post=5349"}],"version-history":[{"count":1,"href":"https:\/\/trabucoradio.com\/home\/index.php?rest_route=\/wp\/v2\/posts\/5349\/revisions"}],"predecessor-version":[{"id":5351,"href":"https:\/\/trabucoradio.com\/home\/index.php?rest_route=\/wp\/v2\/posts\/5349\/revisions\/5351"}],"wp:featuredmedia":[{"embeddable":true,"href":"https:\/\/trabucoradio.com\/home\/index.php?rest_route=\/wp\/v2\/media\/5350"}],"wp:attachment":[{"href":"https:\/\/trabucoradio.com\/home\/index.php?rest_route=%2Fwp%2Fv2%2Fmedia&parent=5349"}],"wp:term":[{"taxonomy":"category","embeddable":true,"href":"https:\/\/trabucoradio.com\/home\/index.php?rest_route=%2Fwp%2Fv2%2Fcategories&post=5349"},{"taxonomy":"post_tag","embeddable":true,"href":"https:\/\/trabucoradio.com\/home\/index.php?rest_route=%2Fwp%2Fv2%2Ftags&post=5349"}],"curies":[{"name":"wp","href":"https:\/\/api.w.org\/{rel}","templated":true}]}}