{"id":5344,"date":"2025-11-05T10:24:05","date_gmt":"2025-11-05T16:24:05","guid":{"rendered":"https:\/\/trabucoradio.com\/home\/?p=5344"},"modified":"2025-11-05T10:24:05","modified_gmt":"2025-11-05T16:24:05","slug":"sheinbaum-promete-justicia-en-caso-de-carlos-manzo-tras-reunion-con-grecia-quiroz","status":"publish","type":"post","link":"https:\/\/trabucoradio.com\/home\/?p=5344","title":{"rendered":"SHEINBAUM PROMETE JUSTICIA EN CASO DE CARLOS MANZO TRAS REUNI\u00d3N CON GRECIA QUIROZ"},"content":{"rendered":"<p><strong>SHEINBAUM PROMETE JUSTICIA EN CASO DE CARLOS MANZO TRAS REUNI\u00d3N CON GRECIA QUIROZ<\/strong><\/p>\n<p>La presidenta\u00a0<strong>Claudia Sheinbaum<\/strong>\u00a0confirm\u00f3 que\u00a0<strong>Grecia Quiroz<\/strong>, viuda de\u00a0<strong>Carlos Manzo<\/strong>, tomar\u00e1 posesi\u00f3n este mi\u00e9rcoles 5 de noviembre como\u00a0<strong>alcaldesa de Uruapan<\/strong>, tras el asesinato del edil el pasado fin de semana.<\/p>\n<p>Explic\u00f3 que en la reuni\u00f3n que sostuvo el d\u00eda de ayer martes con Quiroz y el hermano de Carlos Manzo,\u00a0<strong>Juan Manzo<\/strong>, estuvo presente el\u00a0<strong>secretario de Seguridad<\/strong>, Omar Garc\u00eda Harfuch, y L\u00e1zaro C\u00e1rdenas,\u00a0<strong>jefe de la Oficina de Presidencia<\/strong>. Sheinbaum indic\u00f3 que la familia de Manzo le exigi\u00f3 avanzar en la investigaci\u00f3n del caso para que se haga justicia, a lo que ella prometi\u00f3 que as\u00ed ser\u00e1.<\/p>\n<p>Sheinbaum dijo que esta ma\u00f1ana se llev\u00f3 a cabo una reuni\u00f3n con el Gabinete de Seguridad y el\u00a0<strong>gobernador de Michoac\u00e1n<\/strong>, Alfredo Ram\u00edrez Bedolla, para revisar los avances del\u00a0<strong>plan para la paz y justicia<\/strong>\u00a0en el estado, propuesta de seguridad que Sheinbaum present\u00f3 ayer.<\/p>\n<p>Asimismo dijo que se realizar\u00e1n consulta con distintos sectores de la sociedad de Michoac\u00e1n para afinar dicho plan, del cual se presentar\u00e1 un \u00abborrador\u00bb\u00a0en los pr\u00f3ximos d\u00edas.<\/p>\n","protected":false},"excerpt":{"rendered":"<p>SHEINBAUM PROMETE JUSTICIA EN CASO DE CARLOS MANZO TRAS REUNI\u00d3N CON GRECIA QUIROZ La presidenta\u00a0Claudia Sheinbaum\u00a0confirm\u00f3 que\u00a0Grecia Quiroz, viuda de\u00a0Carlos Manzo, tomar\u00e1 posesi\u00f3n este mi\u00e9rcoles 5 de noviembre como\u00a0alcaldesa de Uruapan, tras el asesinato del edil el pasado fin de semana. Explic\u00f3 que en la reuni\u00f3n que sostuvo el d\u00eda de ayer martes con Quiroz [&hellip;]<\/p>\n","protected":false},"author":1,"featured_media":5345,"comment_status":"open","ping_status":"open","sticky":false,"template":"","format":"standard","meta":{"footnotes":""},"categories":[4,3],"tags":[],"class_list":["post-5344","post","type-post","status-publish","format-standard","has-post-thumbnail","hentry","category-noticias","category-politica"],"_links":{"self":[{"href":"https:\/\/trabucoradio.com\/home\/index.php?rest_route=\/wp\/v2\/posts\/5344","targetHints":{"allow":["GET"]}}],"collection":[{"href":"https:\/\/trabucoradio.com\/home\/index.php?rest_route=\/wp\/v2\/posts"}],"about":[{"href":"https:\/\/trabucoradio.com\/home\/index.php?rest_route=\/wp\/v2\/types\/post"}],"author":[{"embeddable":true,"href":"https:\/\/trabucoradio.com\/home\/index.php?rest_route=\/wp\/v2\/users\/1"}],"replies":[{"embeddable":true,"href":"https:\/\/trabucoradio.com\/home\/index.php?rest_route=%2Fwp%2Fv2%2Fcomments&post=5344"}],"version-history":[{"count":1,"href":"https:\/\/trabucoradio.com\/home\/index.php?rest_route=\/wp\/v2\/posts\/5344\/revisions"}],"predecessor-version":[{"id":5346,"href":"https:\/\/trabucoradio.com\/home\/index.php?rest_route=\/wp\/v2\/posts\/5344\/revisions\/5346"}],"wp:featuredmedia":[{"embeddable":true,"href":"https:\/\/trabucoradio.com\/home\/index.php?rest_route=\/wp\/v2\/media\/5345"}],"wp:attachment":[{"href":"https:\/\/trabucoradio.com\/home\/index.php?rest_route=%2Fwp%2Fv2%2Fmedia&parent=5344"}],"wp:term":[{"taxonomy":"category","embeddable":true,"href":"https:\/\/trabucoradio.com\/home\/index.php?rest_route=%2Fwp%2Fv2%2Fcategories&post=5344"},{"taxonomy":"post_tag","embeddable":true,"href":"https:\/\/trabucoradio.com\/home\/index.php?rest_route=%2Fwp%2Fv2%2Ftags&post=5344"}],"curies":[{"name":"wp","href":"https:\/\/api.w.org\/{rel}","templated":true}]}}