{"id":5340,"date":"2025-11-01T12:37:29","date_gmt":"2025-11-01T18:37:29","guid":{"rendered":"https:\/\/trabucoradio.com\/home\/?p=5340"},"modified":"2025-11-01T12:37:29","modified_gmt":"2025-11-01T18:37:29","slug":"asi-visitan-los-cardenenses-a-sus-fieles-difuntos-en-el-panteon-central-de-cardenas","status":"publish","type":"post","link":"https:\/\/trabucoradio.com\/home\/?p=5340","title":{"rendered":"AS\u00cd VISITAN LOS CARDENENSES A SUS FIELES DIFUNTOS EN EL PANTE\u00d3N CENTRAL DE C\u00c1RDENAS"},"content":{"rendered":"<p><strong>AS\u00cd VISITAN LOS CARDENENSES A SUS FIELES DIFUNTOS EN EL PANTE\u00d3N CENTRAL DE C\u00c1RDENAS<\/strong><\/p>\n<div class=\"x14z9mp xat24cr x1lziwak x1vvkbs xtlvy1s x126k92a\">\n<div dir=\"auto\">En el marco de la celebraci\u00f3n del D\u00eda de <span class=\"html-span xdj266r x14z9mp xat24cr x1lziwak xexx8yu xyri2b x18d9i69 x1c1uobl x1hl2dhg x16tdsg8 x1vvkbs\"><a class=\"x1i10hfl xjbqb8w x1ejq31n x18oe1m7 x1sy0etr xstzfhl x972fbf x10w94by x1qhh985 x14e42zd x9f619 x1ypdohk xt0psk2 x3ct3a4 xdj266r x14z9mp xat24cr x1lziwak xexx8yu xyri2b x18d9i69 x1c1uobl x16tdsg8 x1hl2dhg xggy1nq x1a2a7pz xkrqix3 x1sur9pj x1fey0fg x1s688f\" tabindex=\"0\" role=\"link\" href=\"https:\/\/www.facebook.com\/hashtag\/muertos?__eep__=6&amp;__cft__[0]=AZXLeE858uIFDO0Ar5fqkSii-OAips9sTLVoclw3C2wQjK3ttRnDG4rGzedf48SQb5kZ1frc6P7PqFF5HdYoPuqxeHyz11_OkYoefb_KuU8_rDiJdsB3Cl3N6d4bZT6JdcEd8Ya8ASXdGkoQp_Q3y0vwL686xN77W8SL7hJzi50yRw&amp;__tn__=*NK-R\">#Muertos<\/a><\/span>, desde las primeras horas de este s\u00e1bado 1 de noviembre, los cardenenses comenzaron a llegar al Pante\u00f3n Central de <span class=\"html-span xdj266r x14z9mp xat24cr x1lziwak xexx8yu xyri2b x18d9i69 x1c1uobl x1hl2dhg x16tdsg8 x1vvkbs\"><a class=\"x1i10hfl xjbqb8w x1ejq31n x18oe1m7 x1sy0etr xstzfhl x972fbf x10w94by x1qhh985 x14e42zd x9f619 x1ypdohk xt0psk2 x3ct3a4 xdj266r x14z9mp xat24cr x1lziwak xexx8yu xyri2b x18d9i69 x1c1uobl x16tdsg8 x1hl2dhg xggy1nq x1a2a7pz xkrqix3 x1sur9pj x1fey0fg x1s688f\" tabindex=\"0\" role=\"link\" href=\"https:\/\/www.facebook.com\/hashtag\/c%C3%A1rdenas?__eep__=6&amp;__cft__[0]=AZXLeE858uIFDO0Ar5fqkSii-OAips9sTLVoclw3C2wQjK3ttRnDG4rGzedf48SQb5kZ1frc6P7PqFF5HdYoPuqxeHyz11_OkYoefb_KuU8_rDiJdsB3Cl3N6d4bZT6JdcEd8Ya8ASXdGkoQp_Q3y0vwL686xN77W8SL7hJzi50yRw&amp;__tn__=*NK-R\">#C\u00e1rdenas<\/a><\/span> para visitar a sus familiares, limpiar las l\u00e1pidas, colocar flores y recordar a quienes ya no est\u00e1n en este plano terrenal.<\/div>\n<\/div>\n<div dir=\"auto\"><\/div>\n<div dir=\"auto\">Alejandro Uresti, encargado del pante\u00f3n coment\u00f3 a <span class=\"html-span xdj266r x14z9mp xat24cr x1lziwak xexx8yu xyri2b x18d9i69 x1c1uobl x1hl2dhg x16tdsg8 x1vvkbs\"><a class=\"x1i10hfl xjbqb8w x1ejq31n x18oe1m7 x1sy0etr xstzfhl x972fbf x10w94by x1qhh985 x14e42zd x9f619 x1ypdohk xt0psk2 x3ct3a4 xdj266r x14z9mp xat24cr x1lziwak xexx8yu xyri2b x18d9i69 x1c1uobl x16tdsg8 x1hl2dhg xggy1nq x1a2a7pz xkrqix3 x1sur9pj x1fey0fg x1s688f\" tabindex=\"0\" role=\"link\" href=\"https:\/\/www.facebook.com\/television.tvi?__cft__[0]=AZXLeE858uIFDO0Ar5fqkSii-OAips9sTLVoclw3C2wQjK3ttRnDG4rGzedf48SQb5kZ1frc6P7PqFF5HdYoPuqxeHyz11_OkYoefb_KuU8_rDiJdsB3Cl3N6d4bZT6JdcEd8Ya8ASXdGkoQp_Q3y0vwL686xN77W8SL7hJzi50yRw&amp;__tn__=-]K-R\"><span class=\"xt0psk2\"><span class=\"xjp7ctv\">Trabuco Noticias<\/span><\/span><\/a><\/span> que el camposanto abri\u00f3 sus puertas desde las 6:00 a.m. y permanecer\u00e1 disponible hasta que el \u00faltimo visitante se retire. A\u00f1adi\u00f3 que muchas personas suelen quedarse toda la noche y amanecen en el lugar.<\/div>\n<div dir=\"auto\"><\/div>\n<div dir=\"auto\">Ma\u00f1ana, domingo 2 de noviembre, se celebrar\u00e1 una santa misa a las 10:00 a.m. en la capilla del pante\u00f3n, en conmemoraci\u00f3n de los fieles difuntos. De igual forma, dijo que el Pante\u00f3n Central cuenta con el apoyo de Seguridad P\u00fablica, la Secretar\u00eda de <span class=\"html-span xdj266r x14z9mp xat24cr x1lziwak xexx8yu xyri2b x18d9i69 x1c1uobl x1hl2dhg x16tdsg8 x1vvkbs\"><a class=\"x1i10hfl xjbqb8w x1ejq31n x18oe1m7 x1sy0etr xstzfhl x972fbf x10w94by x1qhh985 x14e42zd x9f619 x1ypdohk xt0psk2 x3ct3a4 xdj266r x14z9mp xat24cr x1lziwak xexx8yu xyri2b x18d9i69 x1c1uobl x16tdsg8 x1hl2dhg xggy1nq x1a2a7pz xkrqix3 x1sur9pj x1fey0fg x1s688f\" tabindex=\"0\" role=\"link\" href=\"https:\/\/www.facebook.com\/hashtag\/salud?__eep__=6&amp;__cft__[0]=AZXLeE858uIFDO0Ar5fqkSii-OAips9sTLVoclw3C2wQjK3ttRnDG4rGzedf48SQb5kZ1frc6P7PqFF5HdYoPuqxeHyz11_OkYoefb_KuU8_rDiJdsB3Cl3N6d4bZT6JdcEd8Ya8ASXdGkoQp_Q3y0vwL686xN77W8SL7hJzi50yRw&amp;__tn__=*NK-R\">#Salud<\/a><\/span> y la Jurisdicci\u00f3n Sanitaria de C\u00e1rdenas, con el fin de mantener el orden y la sanidad durante estos d\u00edas.<\/div>\n","protected":false},"excerpt":{"rendered":"<p>AS\u00cd VISITAN LOS CARDENENSES A SUS FIELES DIFUNTOS EN EL PANTE\u00d3N CENTRAL DE C\u00c1RDENAS En el marco de la celebraci\u00f3n del D\u00eda de #Muertos, desde las primeras horas de este s\u00e1bado 1 de noviembre, los cardenenses comenzaron a llegar al Pante\u00f3n Central de #C\u00e1rdenas para visitar a sus familiares, limpiar las l\u00e1pidas, colocar flores y [&hellip;]<\/p>\n","protected":false},"author":1,"featured_media":5341,"comment_status":"open","ping_status":"open","sticky":false,"template":"","format":"standard","meta":{"footnotes":""},"categories":[4],"tags":[],"class_list":["post-5340","post","type-post","status-publish","format-standard","has-post-thumbnail","hentry","category-noticias"],"_links":{"self":[{"href":"https:\/\/trabucoradio.com\/home\/index.php?rest_route=\/wp\/v2\/posts\/5340","targetHints":{"allow":["GET"]}}],"collection":[{"href":"https:\/\/trabucoradio.com\/home\/index.php?rest_route=\/wp\/v2\/posts"}],"about":[{"href":"https:\/\/trabucoradio.com\/home\/index.php?rest_route=\/wp\/v2\/types\/post"}],"author":[{"embeddable":true,"href":"https:\/\/trabucoradio.com\/home\/index.php?rest_route=\/wp\/v2\/users\/1"}],"replies":[{"embeddable":true,"href":"https:\/\/trabucoradio.com\/home\/index.php?rest_route=%2Fwp%2Fv2%2Fcomments&post=5340"}],"version-history":[{"count":1,"href":"https:\/\/trabucoradio.com\/home\/index.php?rest_route=\/wp\/v2\/posts\/5340\/revisions"}],"predecessor-version":[{"id":5342,"href":"https:\/\/trabucoradio.com\/home\/index.php?rest_route=\/wp\/v2\/posts\/5340\/revisions\/5342"}],"wp:featuredmedia":[{"embeddable":true,"href":"https:\/\/trabucoradio.com\/home\/index.php?rest_route=\/wp\/v2\/media\/5341"}],"wp:attachment":[{"href":"https:\/\/trabucoradio.com\/home\/index.php?rest_route=%2Fwp%2Fv2%2Fmedia&parent=5340"}],"wp:term":[{"taxonomy":"category","embeddable":true,"href":"https:\/\/trabucoradio.com\/home\/index.php?rest_route=%2Fwp%2Fv2%2Fcategories&post=5340"},{"taxonomy":"post_tag","embeddable":true,"href":"https:\/\/trabucoradio.com\/home\/index.php?rest_route=%2Fwp%2Fv2%2Ftags&post=5340"}],"curies":[{"name":"wp","href":"https:\/\/api.w.org\/{rel}","templated":true}]}}