{"id":5337,"date":"2025-11-01T12:32:25","date_gmt":"2025-11-01T18:32:25","guid":{"rendered":"https:\/\/trabucoradio.com\/home\/?p=5337"},"modified":"2025-11-01T12:32:25","modified_gmt":"2025-11-01T18:32:25","slug":"continuan-bloqueos-de-agricultores-en-6-tramos-carreteros-tras-casi-una-semana","status":"publish","type":"post","link":"https:\/\/trabucoradio.com\/home\/?p=5337","title":{"rendered":"CONTIN\u00daAN BLOQUEOS DE AGRICULTORES EN 6 TRAMOS CARRETEROS TRAS CASI UNA SEMANA"},"content":{"rendered":"<p><strong>CONTIN\u00daAN BLOQUEOS DE AGRICULTORES EN 6 TRAMOS CARRETEROS TRAS CASI UNA SEMANA<\/strong><\/p>\n<p><strong>Tras una semana de bloqueos carreteros por parte de los productores agr\u00edcolas,<\/strong>\u00a0el cierre de las vialidades contin\u00faa, de acuerdo con la \u00faltima actualizaci\u00f3n de la\u00a0Secretar\u00eda de Infraestructura, Comunicaciones y Transportes (SICT).<\/p>\n<p>De acuerdo al comunicado, algunos grupos de manifestantes tambi\u00e9n tomaron casetas de cobro, lo que permite a los usuarios\u00a0circular gratuitamente.<\/p>\n<p><strong>En Michoac\u00e1n, en la plaza de cobro de\u00a0Panind\u00edcuaro, manifestantes tomaron la caseta en ambos sentido.<\/strong><\/p>\n<p>Cuando los manifestantes se retiraron de\u00a0la caseta de Zinap\u00e9cuaro\u00a0se dio\u00a0paso libre en ambos sentidos para desahogar el tr\u00e1fico.<\/p>\n<p>Mientras tanto, en el estado de\u00a0Tlaxcala,<strong>\u00a0un grupo de agr\u00edcolas contin\u00faan el bloqueo en la v\u00eda f\u00e9rrea desde San Jos\u00e9 Cuamantzingo, municipio de Mu\u00f1oz de Domingo Arenas, L\u00ednea \u201cS\u201d.<\/strong><\/p>\n<p>Tambi\u00e9n, retiraron el bloqueado el km 71+200 de la carretera federal Los Reyes M\u00e9xico- Zacatepec,\u00a0Puebla,\u00a0tramo Calpulalpan- Sanctorum, ambos sentidos de la carretera federal, Tambi\u00e9n se liber\u00f3\u00a0la autopista Libramiento Norte de la Ciudad de M\u00e9xico Km 194+850.<\/p>\n<p>Y en el estado de\u00a0Guanajuato, productores mantienen el bloqueo parcial de ambos sentidos en\u00a0Juventino Rosas,\u00a0<strong>autopista 45D\u00a0Salamanca-Celaya, a la altura de la comunidad\u00a0Santiago de Cuenda.<\/strong><\/p>\n","protected":false},"excerpt":{"rendered":"<p>CONTIN\u00daAN BLOQUEOS DE AGRICULTORES EN 6 TRAMOS CARRETEROS TRAS CASI UNA SEMANA Tras una semana de bloqueos carreteros por parte de los productores agr\u00edcolas,\u00a0el cierre de las vialidades contin\u00faa, de acuerdo con la \u00faltima actualizaci\u00f3n de la\u00a0Secretar\u00eda de Infraestructura, Comunicaciones y Transportes (SICT). De acuerdo al comunicado, algunos grupos de manifestantes tambi\u00e9n tomaron casetas de [&hellip;]<\/p>\n","protected":false},"author":1,"featured_media":5338,"comment_status":"open","ping_status":"open","sticky":false,"template":"","format":"standard","meta":{"footnotes":""},"categories":[4],"tags":[],"class_list":["post-5337","post","type-post","status-publish","format-standard","has-post-thumbnail","hentry","category-noticias"],"_links":{"self":[{"href":"https:\/\/trabucoradio.com\/home\/index.php?rest_route=\/wp\/v2\/posts\/5337","targetHints":{"allow":["GET"]}}],"collection":[{"href":"https:\/\/trabucoradio.com\/home\/index.php?rest_route=\/wp\/v2\/posts"}],"about":[{"href":"https:\/\/trabucoradio.com\/home\/index.php?rest_route=\/wp\/v2\/types\/post"}],"author":[{"embeddable":true,"href":"https:\/\/trabucoradio.com\/home\/index.php?rest_route=\/wp\/v2\/users\/1"}],"replies":[{"embeddable":true,"href":"https:\/\/trabucoradio.com\/home\/index.php?rest_route=%2Fwp%2Fv2%2Fcomments&post=5337"}],"version-history":[{"count":1,"href":"https:\/\/trabucoradio.com\/home\/index.php?rest_route=\/wp\/v2\/posts\/5337\/revisions"}],"predecessor-version":[{"id":5339,"href":"https:\/\/trabucoradio.com\/home\/index.php?rest_route=\/wp\/v2\/posts\/5337\/revisions\/5339"}],"wp:featuredmedia":[{"embeddable":true,"href":"https:\/\/trabucoradio.com\/home\/index.php?rest_route=\/wp\/v2\/media\/5338"}],"wp:attachment":[{"href":"https:\/\/trabucoradio.com\/home\/index.php?rest_route=%2Fwp%2Fv2%2Fmedia&parent=5337"}],"wp:term":[{"taxonomy":"category","embeddable":true,"href":"https:\/\/trabucoradio.com\/home\/index.php?rest_route=%2Fwp%2Fv2%2Fcategories&post=5337"},{"taxonomy":"post_tag","embeddable":true,"href":"https:\/\/trabucoradio.com\/home\/index.php?rest_route=%2Fwp%2Fv2%2Ftags&post=5337"}],"curies":[{"name":"wp","href":"https:\/\/api.w.org\/{rel}","templated":true}]}}