{"id":5334,"date":"2025-11-01T12:29:37","date_gmt":"2025-11-01T18:29:37","guid":{"rendered":"https:\/\/trabucoradio.com\/home\/?p=5334"},"modified":"2025-11-01T12:29:37","modified_gmt":"2025-11-01T18:29:37","slug":"1ra-etapa-del-programa-credito-artesanal-esta-disponible-para-243-artesanos-ifat","status":"publish","type":"post","link":"https:\/\/trabucoradio.com\/home\/?p=5334","title":{"rendered":"1RA. ETAPA DEL PROGRAMA &#8216;CR\u00c9DITO ARTESANAL&#8217; EST\u00c1 DISPONIBLE PARA 243 ARTESANOS: IFAT"},"content":{"rendered":"<p><strong>1RA. ETAPA DEL PROGRAMA &#8216;CR\u00c9DITO ARTESANAL&#8217; EST\u00c1 DISPONIBLE PARA 243 ARTESANOS: IFAT<\/strong><\/p>\n<p>El programa de &#8216;Credito Artesanal&#8217; del Instituto para el Fomento de las Artesan\u00edas de Tabasco (IFAT) en su primera etapa estar\u00e1 disponible para 243 artesanos con proyecciones a incrementar su cobertura en siguientea etapas.<\/p>\n<p>Vianey Rodr\u00edguez Torres, directora del IFAT, explic\u00f3 que el pasado 26 de octubre se aprobaron las reglas de operaci\u00f3n del programa, haci\u00e9ndose posteriormente extensiva la convocatoria.<\/p>\n<p>Entre los requisitos para la solicitud est\u00e1 el formar parte del Padr\u00f3n de Artesanos del Estado de Tabasco, debido a que es la garant\u00eda de aprobar la matr\u00edz de Diferenciaci\u00f3n de Artesan\u00eda y Manualidad (DAM).<\/p>\n<p>Rodr\u00edguez Torres se\u00f1al\u00f3 que la intenci\u00f3n de este apoyo de 3 mil pesos pagaderos en 5 meses de forma quincenal busca auxiliar a los artesanos principalmente en la adquisici\u00f3n de materia prima.<\/p>\n<p>&nbsp;<\/p>\n","protected":false},"excerpt":{"rendered":"<p>1RA. ETAPA DEL PROGRAMA &#8216;CR\u00c9DITO ARTESANAL&#8217; EST\u00c1 DISPONIBLE PARA 243 ARTESANOS: IFAT El programa de &#8216;Credito Artesanal&#8217; del Instituto para el Fomento de las Artesan\u00edas de Tabasco (IFAT) en su primera etapa estar\u00e1 disponible para 243 artesanos con proyecciones a incrementar su cobertura en siguientea etapas. Vianey Rodr\u00edguez Torres, directora del IFAT, explic\u00f3 que el [&hellip;]<\/p>\n","protected":false},"author":1,"featured_media":5335,"comment_status":"open","ping_status":"open","sticky":false,"template":"","format":"standard","meta":{"footnotes":""},"categories":[4],"tags":[],"class_list":["post-5334","post","type-post","status-publish","format-standard","has-post-thumbnail","hentry","category-noticias"],"_links":{"self":[{"href":"https:\/\/trabucoradio.com\/home\/index.php?rest_route=\/wp\/v2\/posts\/5334","targetHints":{"allow":["GET"]}}],"collection":[{"href":"https:\/\/trabucoradio.com\/home\/index.php?rest_route=\/wp\/v2\/posts"}],"about":[{"href":"https:\/\/trabucoradio.com\/home\/index.php?rest_route=\/wp\/v2\/types\/post"}],"author":[{"embeddable":true,"href":"https:\/\/trabucoradio.com\/home\/index.php?rest_route=\/wp\/v2\/users\/1"}],"replies":[{"embeddable":true,"href":"https:\/\/trabucoradio.com\/home\/index.php?rest_route=%2Fwp%2Fv2%2Fcomments&post=5334"}],"version-history":[{"count":1,"href":"https:\/\/trabucoradio.com\/home\/index.php?rest_route=\/wp\/v2\/posts\/5334\/revisions"}],"predecessor-version":[{"id":5336,"href":"https:\/\/trabucoradio.com\/home\/index.php?rest_route=\/wp\/v2\/posts\/5334\/revisions\/5336"}],"wp:featuredmedia":[{"embeddable":true,"href":"https:\/\/trabucoradio.com\/home\/index.php?rest_route=\/wp\/v2\/media\/5335"}],"wp:attachment":[{"href":"https:\/\/trabucoradio.com\/home\/index.php?rest_route=%2Fwp%2Fv2%2Fmedia&parent=5334"}],"wp:term":[{"taxonomy":"category","embeddable":true,"href":"https:\/\/trabucoradio.com\/home\/index.php?rest_route=%2Fwp%2Fv2%2Fcategories&post=5334"},{"taxonomy":"post_tag","embeddable":true,"href":"https:\/\/trabucoradio.com\/home\/index.php?rest_route=%2Fwp%2Fv2%2Ftags&post=5334"}],"curies":[{"name":"wp","href":"https:\/\/api.w.org\/{rel}","templated":true}]}}