{"id":5331,"date":"2025-11-01T11:29:23","date_gmt":"2025-11-01T17:29:23","guid":{"rendered":"https:\/\/trabucoradio.com\/home\/?p=5331"},"modified":"2025-11-01T11:29:23","modified_gmt":"2025-11-01T17:29:23","slug":"sheinbaum-dedica-ofrenda-por-dia-de-muertos-a-mujeres-del-campo","status":"publish","type":"post","link":"https:\/\/trabucoradio.com\/home\/?p=5331","title":{"rendered":"SHEINBAUM DEDICA OFRENDA POR D\u00cdA DE MUERTOS A MUJERES DEL CAMPO"},"content":{"rendered":"<p><strong>SHEINBAUM DEDICA OFRENDA POR D\u00cdA DE MUERTOS A MUJERES DEL CAMPO<\/strong><\/p>\n<p>La presidenta de M\u00e9xico,\u00a0<strong>Claudia Sheinbaum Pardo<\/strong>, mostr\u00f3 en redes sociales la ofrenda de muertos que se instal\u00f3 en Palacio Nacional, y que este a\u00f1o de las mujeres ind\u00edgenas, dedic\u00f3 a<strong>\u00a0&#8216;nuestras ancestras&#8217;.<\/strong><\/p>\n<p>A trav\u00e9s de un video, Sheinbaum Pardo resalt\u00f3 la<strong>\u00a0&#8216;hermos\u00edsima tradici\u00f3n del pueblo de M\u00e9xico de celebrar de una manera distinta a nuestros muertos, que vienen a visitarnos en este D\u00eda de Muertos. Y los recordamos, les damos alimentos y los consentimos&#8217;<\/strong><\/p>\n<p>Manifest\u00f3 que es una tradici\u00f3n muy distinta a la de otras culturas.<strong>\u00a0&#8216;Es una visi\u00f3n de la muerte completamente distinta que viene de los pueblos originarios, de los pueblos ind\u00edgenas&#8217;.<\/strong><\/p>\n<p>La Presidenta record\u00f3 que la flor de cempas\u00fachil que se utiliza para estas ofrendas es nativa de M\u00e9xico.<\/p>\n<p>En sus redes comparti\u00f3 el siguiente texto:<strong>\u00a0&#8216;La ofrenda en Palacio Nacional se llena de flores, colores, canto y fuego. Cada p\u00e9talo de cempas\u00fachil marca el camino de regreso para aquellas mujeres que sembraron vida en su paso por la tierra&#8217;.<\/strong><\/p>\n<p>Y agrego\u00a0<strong>&#8216;honramos a las que cuidaron la milpa, a las que curaron con hierbas, a las que contaron historias bajo la luna, a las que defendieron su tierra y dignidad&#8217;.<\/strong><\/p>\n<p><strong>&#8216;Ellas siguen aqu\u00ed,<\/strong>\u00a0en la voz del viento, en el pulso de la tierra, en el eco de cada palabra de su lengua materna, en nuestra ofrenda es para ellas: por su fuerza, su sabidur\u00eda y su amor infinito.\u00a0<strong>Ancestras de todas y todos los mexicanos&#8217;.<\/strong><\/p>\n","protected":false},"excerpt":{"rendered":"<p>SHEINBAUM DEDICA OFRENDA POR D\u00cdA DE MUERTOS A MUJERES DEL CAMPO La presidenta de M\u00e9xico,\u00a0Claudia Sheinbaum Pardo, mostr\u00f3 en redes sociales la ofrenda de muertos que se instal\u00f3 en Palacio Nacional, y que este a\u00f1o de las mujeres ind\u00edgenas, dedic\u00f3 a\u00a0&#8216;nuestras ancestras&#8217;. A trav\u00e9s de un video, Sheinbaum Pardo resalt\u00f3 la\u00a0&#8216;hermos\u00edsima tradici\u00f3n del pueblo de [&hellip;]<\/p>\n","protected":false},"author":1,"featured_media":5332,"comment_status":"open","ping_status":"open","sticky":false,"template":"","format":"standard","meta":{"footnotes":""},"categories":[4],"tags":[],"class_list":["post-5331","post","type-post","status-publish","format-standard","has-post-thumbnail","hentry","category-noticias"],"_links":{"self":[{"href":"https:\/\/trabucoradio.com\/home\/index.php?rest_route=\/wp\/v2\/posts\/5331","targetHints":{"allow":["GET"]}}],"collection":[{"href":"https:\/\/trabucoradio.com\/home\/index.php?rest_route=\/wp\/v2\/posts"}],"about":[{"href":"https:\/\/trabucoradio.com\/home\/index.php?rest_route=\/wp\/v2\/types\/post"}],"author":[{"embeddable":true,"href":"https:\/\/trabucoradio.com\/home\/index.php?rest_route=\/wp\/v2\/users\/1"}],"replies":[{"embeddable":true,"href":"https:\/\/trabucoradio.com\/home\/index.php?rest_route=%2Fwp%2Fv2%2Fcomments&post=5331"}],"version-history":[{"count":1,"href":"https:\/\/trabucoradio.com\/home\/index.php?rest_route=\/wp\/v2\/posts\/5331\/revisions"}],"predecessor-version":[{"id":5333,"href":"https:\/\/trabucoradio.com\/home\/index.php?rest_route=\/wp\/v2\/posts\/5331\/revisions\/5333"}],"wp:featuredmedia":[{"embeddable":true,"href":"https:\/\/trabucoradio.com\/home\/index.php?rest_route=\/wp\/v2\/media\/5332"}],"wp:attachment":[{"href":"https:\/\/trabucoradio.com\/home\/index.php?rest_route=%2Fwp%2Fv2%2Fmedia&parent=5331"}],"wp:term":[{"taxonomy":"category","embeddable":true,"href":"https:\/\/trabucoradio.com\/home\/index.php?rest_route=%2Fwp%2Fv2%2Fcategories&post=5331"},{"taxonomy":"post_tag","embeddable":true,"href":"https:\/\/trabucoradio.com\/home\/index.php?rest_route=%2Fwp%2Fv2%2Ftags&post=5331"}],"curies":[{"name":"wp","href":"https:\/\/api.w.org\/{rel}","templated":true}]}}