{"id":5327,"date":"2025-10-29T15:49:19","date_gmt":"2025-10-29T21:49:19","guid":{"rendered":"https:\/\/trabucoradio.com\/home\/?p=5327"},"modified":"2025-10-29T15:49:19","modified_gmt":"2025-10-29T21:49:19","slug":"reitera-gobierno-de-tabasco-compromiso-en-favor-de-la-cultura-de-la-inclusion","status":"publish","type":"post","link":"https:\/\/trabucoradio.com\/home\/?p=5327","title":{"rendered":"REITERA GOBIERNO DE TABASCO COMPROMISO EN FAVOR DE LA CULTURA DE LA INCLUSI\u00d3N"},"content":{"rendered":"<p><strong>REITERA GOBIERNO DE TABASCO COMPROMISO EN FAVOR DE LA CULTURA DE LA INCLUSI\u00d3N<\/strong><\/p>\n<div class=\"x14z9mp xat24cr x1lziwak x1vvkbs xtlvy1s x126k92a\">\n<div dir=\"auto\">Al encabezar la inauguraci\u00f3n de la Feria Nacional de Empleo para Grupos Vulnerables 2025, el Gobernador <span class=\"html-span xdj266r x14z9mp xat24cr x1lziwak xexx8yu xyri2b x18d9i69 x1c1uobl x1hl2dhg x16tdsg8 x1vvkbs\"><a class=\"x1i10hfl xjbqb8w x1ejq31n x18oe1m7 x1sy0etr xstzfhl x972fbf x10w94by x1qhh985 x14e42zd x9f619 x1ypdohk xt0psk2 x3ct3a4 xdj266r x14z9mp xat24cr x1lziwak xexx8yu xyri2b x18d9i69 x1c1uobl x16tdsg8 x1hl2dhg xggy1nq x1a2a7pz xkrqix3 x1sur9pj x1fey0fg x1s688f\" tabindex=\"0\" role=\"link\" href=\"https:\/\/www.facebook.com\/TabascoJavier?__cft__[0]=AZWtaosw2KBWiBd4AIvjIBf6zBsIMwbptxyJp28-yQli_qBQmwZRjVbHjxw2sa3i2lo8wErPUeJywKG2QvFEV6H15Dv3pvg1LXwhjOgdWCo1Oi3FVLSMj1aINro6kRFMRXVLUcP7F3ZR8qGdTOzrjMcgtt3cw6M8lcubBf-2d-ISTA&amp;__tn__=-]K-R\"><span class=\"xt0psk2\"><span class=\"xjp7ctv\">Javier May Rodr\u00edguez<\/span><\/span><\/a><\/span> reiter\u00f3 su compromiso con la inclusi\u00f3n de todas las personas, sin importar su condici\u00f3n, \u201cpara que tengan acceso a oportunidades que contribuyan a su bienestar y el de sus familias\u201d.<\/div>\n<div dir=\"auto\"><\/div>\n<\/div>\n<div dir=\"auto\">Desde el parque central del municipio de Comalcalco, sede del evento, destac\u00f3 que este tipo de actividades pone al alcance de las personas con discapacidad espacios de vinculaci\u00f3n directa con el mercado laboral, gracias a la participaci\u00f3n de empresas comprometidas con ofrecer empleos dignos e inclusivos.<\/div>\n<div dir=\"auto\"><\/div>\n<div dir=\"auto\">Junto a la directora del Servicio Nacional de Empleo Tabasco (SNET), Mar\u00eda Victoria Zarrabal Rabelo y el presidente municipal de Comalcalco, @Ovidio Peralta Suarez, May Rodr\u00edguez ponder\u00f3 tambi\u00e9n la sensibilidad de las y los empleadores que participan en esta Feria Nacional, al eliminar las barreras y hacer ajustes razonables para que todas las personas puedan participar en un mercado laboral inclusivo y accesible.<\/div>\n<div dir=\"auto\"><\/div>\n<div dir=\"auto\">En esta feria se ofertaron vacantes inclusivas, 1 mil 200 de una bolsa y 502 solo de la feria. Adem\u00e1s, se realizaron 22 pruebas VALPAR -las cuales eval\u00faan las habilidades laborales acorde a las capacidades espec\u00edficas de cada persona- y se agendaron a 6 j\u00f3venes m\u00e1s para realizarles las mismas en Villahermosa.<\/div>\n<div dir=\"auto\"><\/div>\n<div dir=\"auto\">En total, participaron 14 m\u00f3dulos informativos y de tr\u00e1mites, incluyendo el de J\u00f3venes Construyendo el Futuro y el de la Secretar\u00eda de Marina Armada de M\u00e9xico, para continuar abriendo espacios de esa instituci\u00f3n a personas en distintos puestos a lo largo y ancho del pa\u00eds.<\/div>\n<div class=\"x14z9mp xat24cr x1lziwak x1vvkbs xtlvy1s x126k92a\"><\/div>\n<div class=\"x14z9mp xat24cr x1lziwak x1vvkbs xtlvy1s x126k92a\">\n<div dir=\"auto\"><\/div>\n<\/div>\n","protected":false},"excerpt":{"rendered":"<p>REITERA GOBIERNO DE TABASCO COMPROMISO EN FAVOR DE LA CULTURA DE LA INCLUSI\u00d3N Al encabezar la inauguraci\u00f3n de la Feria Nacional de Empleo para Grupos Vulnerables 2025, el Gobernador Javier May Rodr\u00edguez reiter\u00f3 su compromiso con la inclusi\u00f3n de todas las personas, sin importar su condici\u00f3n, \u201cpara que tengan acceso a oportunidades que contribuyan a [&hellip;]<\/p>\n","protected":false},"author":1,"featured_media":5328,"comment_status":"open","ping_status":"open","sticky":false,"template":"","format":"standard","meta":{"footnotes":""},"categories":[4,3],"tags":[],"class_list":["post-5327","post","type-post","status-publish","format-standard","has-post-thumbnail","hentry","category-noticias","category-politica"],"_links":{"self":[{"href":"https:\/\/trabucoradio.com\/home\/index.php?rest_route=\/wp\/v2\/posts\/5327","targetHints":{"allow":["GET"]}}],"collection":[{"href":"https:\/\/trabucoradio.com\/home\/index.php?rest_route=\/wp\/v2\/posts"}],"about":[{"href":"https:\/\/trabucoradio.com\/home\/index.php?rest_route=\/wp\/v2\/types\/post"}],"author":[{"embeddable":true,"href":"https:\/\/trabucoradio.com\/home\/index.php?rest_route=\/wp\/v2\/users\/1"}],"replies":[{"embeddable":true,"href":"https:\/\/trabucoradio.com\/home\/index.php?rest_route=%2Fwp%2Fv2%2Fcomments&post=5327"}],"version-history":[{"count":1,"href":"https:\/\/trabucoradio.com\/home\/index.php?rest_route=\/wp\/v2\/posts\/5327\/revisions"}],"predecessor-version":[{"id":5329,"href":"https:\/\/trabucoradio.com\/home\/index.php?rest_route=\/wp\/v2\/posts\/5327\/revisions\/5329"}],"wp:featuredmedia":[{"embeddable":true,"href":"https:\/\/trabucoradio.com\/home\/index.php?rest_route=\/wp\/v2\/media\/5328"}],"wp:attachment":[{"href":"https:\/\/trabucoradio.com\/home\/index.php?rest_route=%2Fwp%2Fv2%2Fmedia&parent=5327"}],"wp:term":[{"taxonomy":"category","embeddable":true,"href":"https:\/\/trabucoradio.com\/home\/index.php?rest_route=%2Fwp%2Fv2%2Fcategories&post=5327"},{"taxonomy":"post_tag","embeddable":true,"href":"https:\/\/trabucoradio.com\/home\/index.php?rest_route=%2Fwp%2Fv2%2Ftags&post=5327"}],"curies":[{"name":"wp","href":"https:\/\/api.w.org\/{rel}","templated":true}]}}