{"id":5324,"date":"2025-10-29T15:45:37","date_gmt":"2025-10-29T21:45:37","guid":{"rendered":"https:\/\/trabucoradio.com\/home\/?p=5324"},"modified":"2025-10-29T15:45:37","modified_gmt":"2025-10-29T21:45:37","slug":"ong-celebran-alza-a-impuesto-de-bebidas-y-tabaco-en-mexico-lamentan-exclusion-de-alcohol","status":"publish","type":"post","link":"https:\/\/trabucoradio.com\/home\/?p=5324","title":{"rendered":"ONG CELEBRAN ALZA A IMPUESTO DE BEBIDAS Y TABACO EN M\u00c9XICO; LAMENTAN EXCLUSI\u00d3N DE ALCOHOL"},"content":{"rendered":"<p><strong>ONG CELEBRAN ALZA A IMPUESTO DE BEBIDAS Y TABACO EN M\u00c9XICO; LAMENTAN EXCLUSI\u00d3N DE ALCOHOL<\/strong><\/p>\n<p><strong>Organizaciones civiles celebraron este mi\u00e9rcoles la aprobaci\u00f3n en el Senado mexicano de la reforma a la Ley del Impuesto Especial sobre Producci\u00f3n y Servicios<\/strong>\u00a0(IEPS), que incrementa los grav\u00e1menes a las bebidas azucaradas y productos de tabaco, aunque lamentaron que la medida no incluyera un impuesto al alcohol.<\/p>\n<p>Adem\u00e1s, expresaron su preocupaci\u00f3n por la interacci\u00f3n del Gobierno con las industrias afectadas.<\/p>\n<p>Erick Antonio Ochoa, director de Salud Justa Mx, calific\u00f3 la aprobaci\u00f3n como\u00a0<strong>\u00abun triunfo para la salud p\u00fablica\u00bb<\/strong>, pero lament\u00f3 la falta de voluntad para gravar bebidas alcoh\u00f3licas y alert\u00f3 sobre<strong>\u00a0\u00abla legalizaci\u00f3n fiscal de productos de nicotina sin un marco regulatorio fuerte\u00bb<\/strong>.<\/p>\n<p>En tanto, Alejandro Calvillo, director de El Poder del Consumidor, reconoci\u00f3 el avance, pero advirti\u00f3 que\u00a0<strong>\u00abestas medidas deben blindarse frente a la cooptaci\u00f3n de la industria\u00bb.<\/strong><\/p>\n<p>Asegur\u00f3 que los llamados impuestos saludables\u00a0<strong>\u00abson una de las pol\u00edticas m\u00e1s costo-efectivas para reducir los da\u00f1os causados por bebidas saborizadas, productos ultraprocesados, alcohol y tabaco\u00bb<\/strong>, aunque pidi\u00f3 que M\u00e9xico se alinee con las recomendaciones internacionales del 20 % de impuesto especial.<\/p>\n<p>Desde la Alianza por la Salud Alimentaria, Paulina Maga\u00f1a destac\u00f3 que el alto consumo de bebidas azucaradas \u00abprovoca m\u00e1s de 230.000 nuevos casos de diabetes y enfermedades cardiovasculares cada a\u00f1o y cerca de 46.000 muertes atribuibles directamente a su consumo\u00bb.<\/p>\n","protected":false},"excerpt":{"rendered":"<p>ONG CELEBRAN ALZA A IMPUESTO DE BEBIDAS Y TABACO EN M\u00c9XICO; LAMENTAN EXCLUSI\u00d3N DE ALCOHOL Organizaciones civiles celebraron este mi\u00e9rcoles la aprobaci\u00f3n en el Senado mexicano de la reforma a la Ley del Impuesto Especial sobre Producci\u00f3n y Servicios\u00a0(IEPS), que incrementa los grav\u00e1menes a las bebidas azucaradas y productos de tabaco, aunque lamentaron que la [&hellip;]<\/p>\n","protected":false},"author":1,"featured_media":5325,"comment_status":"open","ping_status":"open","sticky":false,"template":"","format":"standard","meta":{"footnotes":""},"categories":[4],"tags":[],"class_list":["post-5324","post","type-post","status-publish","format-standard","has-post-thumbnail","hentry","category-noticias"],"_links":{"self":[{"href":"https:\/\/trabucoradio.com\/home\/index.php?rest_route=\/wp\/v2\/posts\/5324","targetHints":{"allow":["GET"]}}],"collection":[{"href":"https:\/\/trabucoradio.com\/home\/index.php?rest_route=\/wp\/v2\/posts"}],"about":[{"href":"https:\/\/trabucoradio.com\/home\/index.php?rest_route=\/wp\/v2\/types\/post"}],"author":[{"embeddable":true,"href":"https:\/\/trabucoradio.com\/home\/index.php?rest_route=\/wp\/v2\/users\/1"}],"replies":[{"embeddable":true,"href":"https:\/\/trabucoradio.com\/home\/index.php?rest_route=%2Fwp%2Fv2%2Fcomments&post=5324"}],"version-history":[{"count":1,"href":"https:\/\/trabucoradio.com\/home\/index.php?rest_route=\/wp\/v2\/posts\/5324\/revisions"}],"predecessor-version":[{"id":5326,"href":"https:\/\/trabucoradio.com\/home\/index.php?rest_route=\/wp\/v2\/posts\/5324\/revisions\/5326"}],"wp:featuredmedia":[{"embeddable":true,"href":"https:\/\/trabucoradio.com\/home\/index.php?rest_route=\/wp\/v2\/media\/5325"}],"wp:attachment":[{"href":"https:\/\/trabucoradio.com\/home\/index.php?rest_route=%2Fwp%2Fv2%2Fmedia&parent=5324"}],"wp:term":[{"taxonomy":"category","embeddable":true,"href":"https:\/\/trabucoradio.com\/home\/index.php?rest_route=%2Fwp%2Fv2%2Fcategories&post=5324"},{"taxonomy":"post_tag","embeddable":true,"href":"https:\/\/trabucoradio.com\/home\/index.php?rest_route=%2Fwp%2Fv2%2Ftags&post=5324"}],"curies":[{"name":"wp","href":"https:\/\/api.w.org\/{rel}","templated":true}]}}