{"id":5321,"date":"2025-10-29T15:38:18","date_gmt":"2025-10-29T21:38:18","guid":{"rendered":"https:\/\/trabucoradio.com\/home\/?p=5321"},"modified":"2025-10-29T15:38:18","modified_gmt":"2025-10-29T21:38:18","slug":"tabasco-no-tiene-subejercicio-este-ano-presume-gobernador-javier-may","status":"publish","type":"post","link":"https:\/\/trabucoradio.com\/home\/?p=5321","title":{"rendered":"TABASCO NO TIENE SUBEJERCICIO ESTE A\u00d1O, PRESUME GOBERNADOR JAVIER MAY"},"content":{"rendered":"<p><strong>TABASCO NO TIENE SUBEJERCICIO ESTE A\u00d1O, PRESUME GOBERNADOR JAVIER MAY<\/strong><\/p>\n<p><strong>Tabasco<\/strong>\u00a0<strong>no<\/strong>\u00a0<strong>tiene<\/strong>\u00a0<strong>subejercicios<\/strong>\u00a0<strong>en<\/strong>\u00a0<strong>este<\/strong>\u00a0<strong>a\u00f1o<\/strong>, por la\u00a0<strong>disciplina<\/strong>\u00a0<strong>financiera<\/strong>\u00a0que se mantiene desde el inicio de la administraci\u00f3n, presumi\u00f3 el gobernador Javier May Rodr\u00edguez.<\/p>\n<p>Al inaugurar obras de mantenimiento en edificios del Jard\u00edn de Ni\u00f1os \u00abThelma Beatriz Asencio Hidalgo\u00bb en el fraccionamiento Las Mercedes, en Centro, resalt\u00f3 que el\u00a0<strong>gasto<\/strong>\u00a0<strong>p\u00fablico<\/strong>\u00a0se ha\u00a0<strong>dirigido<\/strong>\u00a0a\u00a0<strong>obras<\/strong>\u00a0<strong>de<\/strong>\u00a0<strong>infraestructura<\/strong>\u00a0<strong>y<\/strong>\u00a0<strong>programas<\/strong>\u00a0<strong>sociales<\/strong>\u00a0\u00a0que mejoren la calidad de vida de los tabasque\u00f1os\u00a0\u00a0\u00abestamos terminando este a\u00f1o unos proyectos de pavimentaci\u00f3n, pero no tenemos subejercicios en el gobierno, pudimos administrar bien el recurso\u00bb.<\/p>\n<p>El gobernador inform\u00f3 que, en materia de\u00a0<strong>seguridad<\/strong>\u00a0<strong>el<\/strong>\u00a0<strong>pr\u00f3ximo<\/strong>\u00a0<strong>a\u00f1o<\/strong>,\u00a0<strong>se<\/strong>\u00a0<strong>pondr\u00e1<\/strong>\u00a0<strong>en<\/strong>\u00a0<strong>marcha<\/strong>\u00a0el\u00a0<strong>sistema<\/strong>\u00a0<strong>de<\/strong>\u00a0<strong>videovigilancia<\/strong>\u00a0&#8216;<strong>Escudo<\/strong>\u00a0<strong>Olmeca<\/strong>&#8216; en el municipio de Centro, en el que se\u00a0<strong>ampliar\u00e1n<\/strong>\u00a0<strong>a<\/strong>\u00a0<strong>cinco<\/strong>\u00a0<strong>mil<\/strong>,\u00a0<strong>las<\/strong>\u00a0<strong>c\u00e1maras<\/strong>\u00a0<strong>de<\/strong>\u00a0<strong>seguridad<\/strong>.<\/p>\n","protected":false},"excerpt":{"rendered":"<p>TABASCO NO TIENE SUBEJERCICIO ESTE A\u00d1O, PRESUME GOBERNADOR JAVIER MAY Tabasco\u00a0no\u00a0tiene\u00a0subejercicios\u00a0en\u00a0este\u00a0a\u00f1o, por la\u00a0disciplina\u00a0financiera\u00a0que se mantiene desde el inicio de la administraci\u00f3n, presumi\u00f3 el gobernador Javier May Rodr\u00edguez. Al inaugurar obras de mantenimiento en edificios del Jard\u00edn de Ni\u00f1os \u00abThelma Beatriz Asencio Hidalgo\u00bb en el fraccionamiento Las Mercedes, en Centro, resalt\u00f3 que el\u00a0gasto\u00a0p\u00fablico\u00a0se ha\u00a0dirigido\u00a0a\u00a0obras\u00a0de\u00a0infraestructura\u00a0y\u00a0programas\u00a0sociales\u00a0\u00a0que mejoren la [&hellip;]<\/p>\n","protected":false},"author":1,"featured_media":5322,"comment_status":"open","ping_status":"open","sticky":false,"template":"","format":"standard","meta":{"footnotes":""},"categories":[4],"tags":[],"class_list":["post-5321","post","type-post","status-publish","format-standard","has-post-thumbnail","hentry","category-noticias"],"_links":{"self":[{"href":"https:\/\/trabucoradio.com\/home\/index.php?rest_route=\/wp\/v2\/posts\/5321","targetHints":{"allow":["GET"]}}],"collection":[{"href":"https:\/\/trabucoradio.com\/home\/index.php?rest_route=\/wp\/v2\/posts"}],"about":[{"href":"https:\/\/trabucoradio.com\/home\/index.php?rest_route=\/wp\/v2\/types\/post"}],"author":[{"embeddable":true,"href":"https:\/\/trabucoradio.com\/home\/index.php?rest_route=\/wp\/v2\/users\/1"}],"replies":[{"embeddable":true,"href":"https:\/\/trabucoradio.com\/home\/index.php?rest_route=%2Fwp%2Fv2%2Fcomments&post=5321"}],"version-history":[{"count":1,"href":"https:\/\/trabucoradio.com\/home\/index.php?rest_route=\/wp\/v2\/posts\/5321\/revisions"}],"predecessor-version":[{"id":5323,"href":"https:\/\/trabucoradio.com\/home\/index.php?rest_route=\/wp\/v2\/posts\/5321\/revisions\/5323"}],"wp:featuredmedia":[{"embeddable":true,"href":"https:\/\/trabucoradio.com\/home\/index.php?rest_route=\/wp\/v2\/media\/5322"}],"wp:attachment":[{"href":"https:\/\/trabucoradio.com\/home\/index.php?rest_route=%2Fwp%2Fv2%2Fmedia&parent=5321"}],"wp:term":[{"taxonomy":"category","embeddable":true,"href":"https:\/\/trabucoradio.com\/home\/index.php?rest_route=%2Fwp%2Fv2%2Fcategories&post=5321"},{"taxonomy":"post_tag","embeddable":true,"href":"https:\/\/trabucoradio.com\/home\/index.php?rest_route=%2Fwp%2Fv2%2Ftags&post=5321"}],"curies":[{"name":"wp","href":"https:\/\/api.w.org\/{rel}","templated":true}]}}