{"id":5318,"date":"2025-10-29T15:34:52","date_gmt":"2025-10-29T21:34:52","guid":{"rendered":"https:\/\/trabucoradio.com\/home\/?p=5318"},"modified":"2025-10-29T15:34:52","modified_gmt":"2025-10-29T21:34:52","slug":"inaugura-mari-luz-velazquez-rehabilitacion-de-pavimento-en-camino-de-acceso-en-el-ejido-nicolas-bravo","status":"publish","type":"post","link":"https:\/\/trabucoradio.com\/home\/?p=5318","title":{"rendered":"INAUGURA MARI LUZ VEL\u00c1ZQUEZ REHABILITACI\u00d3N DE PAVIMENTO EN CAMINO DE ACCESO EN EL EJIDO NICOL\u00c1S BRAVO"},"content":{"rendered":"<p><strong>INAUGURA MARI LUZ VEL\u00c1ZQUEZ REHABILITACI\u00d3N DE PAVIMENTO EN CAMINO DE ACCESO EN EL EJIDO NICOL\u00c1S BRAVO<\/strong><\/p>\n<p>La presidenta municipal, <span class=\"html-span xdj266r x14z9mp xat24cr x1lziwak xexx8yu xyri2b x18d9i69 x1c1uobl x1hl2dhg x16tdsg8 x1vvkbs\"><a class=\"x1i10hfl xjbqb8w x1ejq31n x18oe1m7 x1sy0etr xstzfhl x972fbf x10w94by x1qhh985 x14e42zd x9f619 x1ypdohk xt0psk2 x3ct3a4 xdj266r x14z9mp xat24cr x1lziwak xexx8yu xyri2b x18d9i69 x1c1uobl x16tdsg8 x1hl2dhg xggy1nq x1a2a7pz xkrqix3 x1sur9pj x1fey0fg x1s688f\" tabindex=\"0\" role=\"link\" href=\"https:\/\/www.facebook.com\/MariluzVelJim?__cft__[0]=AZUnHJ4AosQ4-Vwd60Y2xDUPCnbZmR-MVS2nTqz1e25xyH7Wgy48AFtlrYTDhLHmqi0pvaQM2ImUgoXkb-ylXRmUgT9BY1yQp5RycFnL1gJfF_5g_wtev3G0OBBl-Stp2MoNk0TAafZ2TXhHCYmGk8lBVJulwnQDM6zk2qZzvHxPUg&amp;__tn__=-]K-R\"><span class=\"xt0psk2\"><span class=\"xjp7ctv\">Mari Luz Vel\u00e1zquez Jim\u00e9nez<\/span><\/span><\/a><\/span>, inaugur\u00f3 la rehabilitaci\u00f3n del pavimento con concreto asf\u00e1ltico en caliente en el camino de acceso principal al sector El Retiro, en el ejido Nicol\u00e1s Bravo, Blasillo 1\u00aa Secci\u00f3n, una importante v\u00eda que comunica a varias comunidades y facilita el tr\u00e1nsito de escueleros, productores y habitantes de la zona.<\/p>\n<p>Esta obra forma parte del programa municipal de infraestructura vial orientado a mejorar la conectividad, fortalecer la seguridad y promover el desarrollo social y econ\u00f3mico en las comunidades rurales de <span class=\"html-span xdj266r x14z9mp xat24cr x1lziwak xexx8yu xyri2b x18d9i69 x1c1uobl x1hl2dhg x16tdsg8 x1vvkbs\"><a class=\"x1i10hfl xjbqb8w x1ejq31n x18oe1m7 x1sy0etr xstzfhl x972fbf x10w94by x1qhh985 x14e42zd x9f619 x1ypdohk xt0psk2 x3ct3a4 xdj266r x14z9mp xat24cr x1lziwak xexx8yu xyri2b x18d9i69 x1c1uobl x16tdsg8 x1hl2dhg xggy1nq x1a2a7pz xkrqix3 x1sur9pj x1fey0fg x1s688f\" tabindex=\"0\" role=\"link\" href=\"https:\/\/www.facebook.com\/hashtag\/huimanguillo?__eep__=6&amp;__cft__[0]=AZUnHJ4AosQ4-Vwd60Y2xDUPCnbZmR-MVS2nTqz1e25xyH7Wgy48AFtlrYTDhLHmqi0pvaQM2ImUgoXkb-ylXRmUgT9BY1yQp5RycFnL1gJfF_5g_wtev3G0OBBl-Stp2MoNk0TAafZ2TXhHCYmGk8lBVJulwnQDM6zk2qZzvHxPUg&amp;__tn__=*NK-R\">#Huimanguillo<\/a><\/span>.<\/p>\n<p>Durante el acto inaugural, la alcaldesa subray\u00f3 que estas acciones son resultado del manejo responsable de los recursos p\u00fablicos y del compromiso de su gobierno con el bienestar de la ciudadan\u00eda.<\/p>\n","protected":false},"excerpt":{"rendered":"<p>INAUGURA MARI LUZ VEL\u00c1ZQUEZ REHABILITACI\u00d3N DE PAVIMENTO EN CAMINO DE ACCESO EN EL EJIDO NICOL\u00c1S BRAVO La presidenta municipal, Mari Luz Vel\u00e1zquez Jim\u00e9nez, inaugur\u00f3 la rehabilitaci\u00f3n del pavimento con concreto asf\u00e1ltico en caliente en el camino de acceso principal al sector El Retiro, en el ejido Nicol\u00e1s Bravo, Blasillo 1\u00aa Secci\u00f3n, una importante v\u00eda que [&hellip;]<\/p>\n","protected":false},"author":1,"featured_media":5319,"comment_status":"open","ping_status":"open","sticky":false,"template":"","format":"standard","meta":{"footnotes":""},"categories":[4,3],"tags":[],"class_list":["post-5318","post","type-post","status-publish","format-standard","has-post-thumbnail","hentry","category-noticias","category-politica"],"_links":{"self":[{"href":"https:\/\/trabucoradio.com\/home\/index.php?rest_route=\/wp\/v2\/posts\/5318","targetHints":{"allow":["GET"]}}],"collection":[{"href":"https:\/\/trabucoradio.com\/home\/index.php?rest_route=\/wp\/v2\/posts"}],"about":[{"href":"https:\/\/trabucoradio.com\/home\/index.php?rest_route=\/wp\/v2\/types\/post"}],"author":[{"embeddable":true,"href":"https:\/\/trabucoradio.com\/home\/index.php?rest_route=\/wp\/v2\/users\/1"}],"replies":[{"embeddable":true,"href":"https:\/\/trabucoradio.com\/home\/index.php?rest_route=%2Fwp%2Fv2%2Fcomments&post=5318"}],"version-history":[{"count":1,"href":"https:\/\/trabucoradio.com\/home\/index.php?rest_route=\/wp\/v2\/posts\/5318\/revisions"}],"predecessor-version":[{"id":5320,"href":"https:\/\/trabucoradio.com\/home\/index.php?rest_route=\/wp\/v2\/posts\/5318\/revisions\/5320"}],"wp:featuredmedia":[{"embeddable":true,"href":"https:\/\/trabucoradio.com\/home\/index.php?rest_route=\/wp\/v2\/media\/5319"}],"wp:attachment":[{"href":"https:\/\/trabucoradio.com\/home\/index.php?rest_route=%2Fwp%2Fv2%2Fmedia&parent=5318"}],"wp:term":[{"taxonomy":"category","embeddable":true,"href":"https:\/\/trabucoradio.com\/home\/index.php?rest_route=%2Fwp%2Fv2%2Fcategories&post=5318"},{"taxonomy":"post_tag","embeddable":true,"href":"https:\/\/trabucoradio.com\/home\/index.php?rest_route=%2Fwp%2Fv2%2Ftags&post=5318"}],"curies":[{"name":"wp","href":"https:\/\/api.w.org\/{rel}","templated":true}]}}