{"id":5315,"date":"2025-10-29T15:31:35","date_gmt":"2025-10-29T21:31:35","guid":{"rendered":"https:\/\/trabucoradio.com\/home\/?p=5315"},"modified":"2025-10-29T15:31:35","modified_gmt":"2025-10-29T21:31:35","slug":"marina-no-rescato-a-sobreviviente-del-ataque-de-ee-uu-en-el-pacifico-sheinbaum","status":"publish","type":"post","link":"https:\/\/trabucoradio.com\/home\/?p=5315","title":{"rendered":"MARINA NO RESCAT\u00d3 A SOBREVIVIENTE DEL ATAQUE DE EE.UU. EN EL PAC\u00cdFICO: SHEINBAUM"},"content":{"rendered":"<p><strong>MARINA NO RESCAT\u00d3 A SOBREVIVIENTE DEL ATAQUE DE EE.UU. EN EL PAC\u00cdFICO: SHEINBAUM<\/strong><\/p>\n<p>La presidenta\u00a0<strong>Claudia Sheinbaum<\/strong>\u00a0dio a conocer este mi\u00e9rcoles que la\u00a0<strong>Secretar\u00eda de Marina<\/strong>\u00a0no logr\u00f3 rescatar al sobreviviente del reciente ataque de\u00a0<strong>Estados Unidos<\/strong>\u00a0contra cuatro presuntas embarcaciones vinculadas al narcotr\u00e1fico en el oc\u00e9ano Pac\u00edfico.<\/p>\n<p>Con respecto a la nacionalidad de los\u00a0<strong>14 muertos<\/strong>\u00a0que dej\u00f3 esta agresi\u00f3n, Sheinbaum inform\u00f3 que se ha solicitado informaci\u00f3n sobre el caso al gobierno estadounidense. Adem\u00e1s, revel\u00f3 que pidi\u00f3 al\u00a0<strong>canciller<\/strong>\u00a0<strong>Juan Ram\u00f3n de la Fuente<\/strong>\u00a0reunirse con el\u00a0<strong>embajador de Estados Unidos<\/strong>\u00a0<strong>en M\u00e9xico<\/strong>, Ronald Johnson, para dialogar sobre c\u00f3mo mejorar el protocolo de combate al\u00a0<strong>crimen organizado<\/strong>\u00a0en aguas internacionales.<\/p>\n<p>Record\u00f3 que el martes hubo una intervenci\u00f3n de Estados Unidos contra una lancha que llevaba presuntamente droga en las\u00a0<strong>aguas internacionales<\/strong>, y detall\u00f3 que el incidente ocurri\u00f3 \u201cen la ubicaci\u00f3n en latitud y longitud\u201d de M\u00e9xico.<\/p>\n<p>La propuesta de Sheinbaum fue realizar una operaci\u00f3n conjunta con la Marina, en caso de que las lanchas, presuntamente vinculadas con el narcotr\u00e1fico, est\u00e9n cerca de las aguas internacionales del pa\u00eds, y se arreste a los tripulantes. \u201cPorque pudiera haber un\u00a0<strong>mexicano<\/strong>, m\u00e1s all\u00e1 de que sea delincuente o no, presunto delincuente, en una de estas embarcaciones\u201d, advirti\u00f3.<\/p>\n","protected":false},"excerpt":{"rendered":"<p>MARINA NO RESCAT\u00d3 A SOBREVIVIENTE DEL ATAQUE DE EE.UU. EN EL PAC\u00cdFICO: SHEINBAUM La presidenta\u00a0Claudia Sheinbaum\u00a0dio a conocer este mi\u00e9rcoles que la\u00a0Secretar\u00eda de Marina\u00a0no logr\u00f3 rescatar al sobreviviente del reciente ataque de\u00a0Estados Unidos\u00a0contra cuatro presuntas embarcaciones vinculadas al narcotr\u00e1fico en el oc\u00e9ano Pac\u00edfico. Con respecto a la nacionalidad de los\u00a014 muertos\u00a0que dej\u00f3 esta agresi\u00f3n, Sheinbaum [&hellip;]<\/p>\n","protected":false},"author":1,"featured_media":5316,"comment_status":"open","ping_status":"open","sticky":false,"template":"","format":"standard","meta":{"footnotes":""},"categories":[4],"tags":[],"class_list":["post-5315","post","type-post","status-publish","format-standard","has-post-thumbnail","hentry","category-noticias"],"_links":{"self":[{"href":"https:\/\/trabucoradio.com\/home\/index.php?rest_route=\/wp\/v2\/posts\/5315","targetHints":{"allow":["GET"]}}],"collection":[{"href":"https:\/\/trabucoradio.com\/home\/index.php?rest_route=\/wp\/v2\/posts"}],"about":[{"href":"https:\/\/trabucoradio.com\/home\/index.php?rest_route=\/wp\/v2\/types\/post"}],"author":[{"embeddable":true,"href":"https:\/\/trabucoradio.com\/home\/index.php?rest_route=\/wp\/v2\/users\/1"}],"replies":[{"embeddable":true,"href":"https:\/\/trabucoradio.com\/home\/index.php?rest_route=%2Fwp%2Fv2%2Fcomments&post=5315"}],"version-history":[{"count":1,"href":"https:\/\/trabucoradio.com\/home\/index.php?rest_route=\/wp\/v2\/posts\/5315\/revisions"}],"predecessor-version":[{"id":5317,"href":"https:\/\/trabucoradio.com\/home\/index.php?rest_route=\/wp\/v2\/posts\/5315\/revisions\/5317"}],"wp:featuredmedia":[{"embeddable":true,"href":"https:\/\/trabucoradio.com\/home\/index.php?rest_route=\/wp\/v2\/media\/5316"}],"wp:attachment":[{"href":"https:\/\/trabucoradio.com\/home\/index.php?rest_route=%2Fwp%2Fv2%2Fmedia&parent=5315"}],"wp:term":[{"taxonomy":"category","embeddable":true,"href":"https:\/\/trabucoradio.com\/home\/index.php?rest_route=%2Fwp%2Fv2%2Fcategories&post=5315"},{"taxonomy":"post_tag","embeddable":true,"href":"https:\/\/trabucoradio.com\/home\/index.php?rest_route=%2Fwp%2Fv2%2Ftags&post=5315"}],"curies":[{"name":"wp","href":"https:\/\/api.w.org\/{rel}","templated":true}]}}