{"id":5312,"date":"2025-10-29T15:29:18","date_gmt":"2025-10-29T21:29:18","guid":{"rendered":"https:\/\/trabucoradio.com\/home\/?p=5312"},"modified":"2025-10-29T15:29:18","modified_gmt":"2025-10-29T21:29:18","slug":"anuncia-rafael-acosta-apoyo-al-centro-de-formacion-para-personas-con-sindrome-de-down","status":"publish","type":"post","link":"https:\/\/trabucoradio.com\/home\/?p=5312","title":{"rendered":"ANUNCIA RAFAEL ACOSTA APOYO AL CENTRO DE FORMACI\u00d3N PARA PERSONAS CON S\u00cdNDROME DE DOWN"},"content":{"rendered":"<p><strong>ANUNCIA RAFAEL ACOSTA APOYO AL CENTRO DE FORMACI\u00d3N PARA PERSONAS CON S\u00cdNDROME DE DOWN<\/strong><\/p>\n<div class=\"x14z9mp xat24cr x1lziwak x1vvkbs xtlvy1s x126k92a\">\n<div dir=\"auto\">Ante la falta de apoyo por parte del Ayuntamiento Municipal de C\u00e1rdenes, este mi\u00e9rcoles a tarav\u00e9s de un pronunciamiento el dirigente estatal del <span class=\"html-span xdj266r x14z9mp xat24cr x1lziwak xexx8yu xyri2b x18d9i69 x1c1uobl x1hl2dhg x16tdsg8 x1vvkbs\"><a class=\"x1i10hfl xjbqb8w x1ejq31n x18oe1m7 x1sy0etr xstzfhl x972fbf x10w94by x1qhh985 x14e42zd x9f619 x1ypdohk xt0psk2 x3ct3a4 xdj266r x14z9mp xat24cr x1lziwak xexx8yu xyri2b x18d9i69 x1c1uobl x16tdsg8 x1hl2dhg xggy1nq x1a2a7pz xkrqix3 x1sur9pj x1fey0fg x1s688f\" tabindex=\"0\" role=\"link\" href=\"https:\/\/www.facebook.com\/TabascoPRD?__cft__[0]=AZVDM634IKyhTYivl9XfCTjPHP7FZyebZa13YBVLNup3U0KBmzON9FKM7f01CNY0wHXGywJXBqn3dCB7kEZNqsMXBGyKN9tNUDmIAA8G8MOQRdhHnank9mmbis9snOQuFGaDOYgJk4KKeFQDUK9P9cTy3WXjhIz5rZJO36-jBHF9Jw&amp;__tn__=-]K-R\"><span class=\"xt0psk2\"><span class=\"xjp7ctv\">PRD Tabasco<\/span><\/span><\/a><\/span>, <span class=\"html-span xdj266r x14z9mp xat24cr x1lziwak xexx8yu xyri2b x18d9i69 x1c1uobl x1hl2dhg x16tdsg8 x1vvkbs\"><a class=\"x1i10hfl xjbqb8w x1ejq31n x18oe1m7 x1sy0etr xstzfhl x972fbf x10w94by x1qhh985 x14e42zd x9f619 x1ypdohk xt0psk2 x3ct3a4 xdj266r x14z9mp xat24cr x1lziwak xexx8yu xyri2b x18d9i69 x1c1uobl x16tdsg8 x1hl2dhg xggy1nq x1a2a7pz xkrqix3 x1sur9pj x1fey0fg x1s688f\" tabindex=\"0\" role=\"link\" href=\"https:\/\/www.facebook.com\/profile.php?id=61556661942527&amp;__cft__[0]=AZVDM634IKyhTYivl9XfCTjPHP7FZyebZa13YBVLNup3U0KBmzON9FKM7f01CNY0wHXGywJXBqn3dCB7kEZNqsMXBGyKN9tNUDmIAA8G8MOQRdhHnank9mmbis9snOQuFGaDOYgJk4KKeFQDUK9P9cTy3WXjhIz5rZJO36-jBHF9Jw&amp;__tn__=-]K-R\"><span class=\"xt0psk2\"><span class=\"xjp7ctv\">Rafael Acosta Le\u00f3n<\/span><\/span><\/a><\/span> , anunci\u00f3 su respaldo al Centro de Formaci\u00f3n para Personas con S\u00edndrome de Down (CEFOR DOWN), cuyos integrantes se preparan para representar a Tabasco en un torneo nacional de futbol. El dirigente estatal destac\u00f3 la importancia de impulsar el talento y la inclusi\u00f3n desde todos los sectores, especialmente cuando se trata de causas que promueven la igualdad y el desarrollo humano.<\/div>\n<\/div>\n<div dir=\"auto\">Durante el anuncio, Benito Picazzo Madrigal, coordinador del CEFOR DOWN, lament\u00f3 la falta de apoyo por parte del gobierno de <span class=\"html-span xdj266r x14z9mp xat24cr x1lziwak xexx8yu xyri2b x18d9i69 x1c1uobl x1hl2dhg x16tdsg8 x1vvkbs\"><a class=\"x1i10hfl xjbqb8w x1ejq31n x18oe1m7 x1sy0etr xstzfhl x972fbf x10w94by x1qhh985 x14e42zd x9f619 x1ypdohk xt0psk2 x3ct3a4 xdj266r x14z9mp xat24cr x1lziwak xexx8yu xyri2b x18d9i69 x1c1uobl x16tdsg8 x1hl2dhg xggy1nq x1a2a7pz xkrqix3 x1sur9pj x1fey0fg x1s688f\" tabindex=\"0\" role=\"link\" href=\"https:\/\/www.facebook.com\/hashtag\/ca%CC%81rdenas?__eep__=6&amp;__cft__[0]=AZVDM634IKyhTYivl9XfCTjPHP7FZyebZa13YBVLNup3U0KBmzON9FKM7f01CNY0wHXGywJXBqn3dCB7kEZNqsMXBGyKN9tNUDmIAA8G8MOQRdhHnank9mmbis9snOQuFGaDOYgJk4KKeFQDUK9P9cTy3WXjhIz5rZJO36-jBHF9Jw&amp;__tn__=*NK-R\">#Ca\u0301rdenas<\/a><\/span>, se\u00f1alando que, al solicitar respaldo para el viaje, la respuesta fue negativa bajo el argumento de que \u201cno hab\u00eda presupuesto\u201d. Picazzo tambi\u00e9n mencion\u00f3 que actualmente no hay una persona encargada del \u00e1rea deportiva en el ayuntamiento, lo que ha dificultado el acceso a los espacios deportivos de la ciudad.<\/div>\n<div dir=\"auto\">Por su parte, Rafael Acosta Le\u00f3n asegur\u00f3 que el presupuesto s\u00ed existe, pero no se utiliza de manera adecuada, e hizo un llamado a las autoridades a ser m\u00e1s sensibles y transparentes con los recursos p\u00fablicos. Adem\u00e1s, felicit\u00f3 a las madres y tutores de los jugadores por su constancia, entrega y por ser el motor que impulsa a los j\u00f3venes a continuar.<\/div>\n<div dir=\"auto\">Finalmente, las mam\u00e1s de los deportistas agradecieron el gesto de apoyo del dirigente perredista, destacando que su respuesta solidaria contrasta con la negativa institucional que enfrentan frecuentemente. \u201cSiempre hemos sido discriminados por la discapacidad de nuestros hijos, pero eso no nos detiene\u201d, expresaron, reiterando su deseo de que m\u00e1s voces se sumen a favor de la inclusi\u00f3n y el deporte con sentido humano.<\/div>\n<div class=\"x14z9mp xat24cr x1lziwak x1vvkbs xtlvy1s x126k92a\"><\/div>\n<div class=\"x14z9mp xat24cr x1lziwak x1vvkbs xtlvy1s x126k92a\">\n<div dir=\"auto\"><\/div>\n<\/div>\n","protected":false},"excerpt":{"rendered":"<p>ANUNCIA RAFAEL ACOSTA APOYO AL CENTRO DE FORMACI\u00d3N PARA PERSONAS CON S\u00cdNDROME DE DOWN Ante la falta de apoyo por parte del Ayuntamiento Municipal de C\u00e1rdenes, este mi\u00e9rcoles a tarav\u00e9s de un pronunciamiento el dirigente estatal del PRD Tabasco, Rafael Acosta Le\u00f3n , anunci\u00f3 su respaldo al Centro de Formaci\u00f3n para Personas con S\u00edndrome de [&hellip;]<\/p>\n","protected":false},"author":1,"featured_media":5313,"comment_status":"open","ping_status":"open","sticky":false,"template":"","format":"standard","meta":{"footnotes":""},"categories":[4,3],"tags":[],"class_list":["post-5312","post","type-post","status-publish","format-standard","has-post-thumbnail","hentry","category-noticias","category-politica"],"_links":{"self":[{"href":"https:\/\/trabucoradio.com\/home\/index.php?rest_route=\/wp\/v2\/posts\/5312","targetHints":{"allow":["GET"]}}],"collection":[{"href":"https:\/\/trabucoradio.com\/home\/index.php?rest_route=\/wp\/v2\/posts"}],"about":[{"href":"https:\/\/trabucoradio.com\/home\/index.php?rest_route=\/wp\/v2\/types\/post"}],"author":[{"embeddable":true,"href":"https:\/\/trabucoradio.com\/home\/index.php?rest_route=\/wp\/v2\/users\/1"}],"replies":[{"embeddable":true,"href":"https:\/\/trabucoradio.com\/home\/index.php?rest_route=%2Fwp%2Fv2%2Fcomments&post=5312"}],"version-history":[{"count":1,"href":"https:\/\/trabucoradio.com\/home\/index.php?rest_route=\/wp\/v2\/posts\/5312\/revisions"}],"predecessor-version":[{"id":5314,"href":"https:\/\/trabucoradio.com\/home\/index.php?rest_route=\/wp\/v2\/posts\/5312\/revisions\/5314"}],"wp:featuredmedia":[{"embeddable":true,"href":"https:\/\/trabucoradio.com\/home\/index.php?rest_route=\/wp\/v2\/media\/5313"}],"wp:attachment":[{"href":"https:\/\/trabucoradio.com\/home\/index.php?rest_route=%2Fwp%2Fv2%2Fmedia&parent=5312"}],"wp:term":[{"taxonomy":"category","embeddable":true,"href":"https:\/\/trabucoradio.com\/home\/index.php?rest_route=%2Fwp%2Fv2%2Fcategories&post=5312"},{"taxonomy":"post_tag","embeddable":true,"href":"https:\/\/trabucoradio.com\/home\/index.php?rest_route=%2Fwp%2Fv2%2Ftags&post=5312"}],"curies":[{"name":"wp","href":"https:\/\/api.w.org\/{rel}","templated":true}]}}