{"id":5309,"date":"2025-10-29T09:53:52","date_gmt":"2025-10-29T15:53:52","guid":{"rendered":"https:\/\/trabucoradio.com\/home\/?p=5309"},"modified":"2025-10-29T09:53:52","modified_gmt":"2025-10-29T15:53:52","slug":"huracan-melissa-baja-a-categoria-2-en-su-paso-por-el-este-de-cuba","status":"publish","type":"post","link":"https:\/\/trabucoradio.com\/home\/?p=5309","title":{"rendered":"HURAC\u00c1N MELISSA BAJA A CATEGOR\u00cdA 2 EN SU PASO POR EL ESTE DE CUBA"},"content":{"rendered":"<p><strong>HURAC\u00c1N MELISSA BAJA A CATEGOR\u00cdA 2 EN SU PASO POR EL ESTE DE CUBA<\/strong><\/p>\n<p>El Instituto de Meteorolog\u00eda de Cuba (Insmet) inform\u00f3 este mi\u00e9rcoles que el\u00a0<strong>hurac\u00e1n Melissa se degrad\u00f3 a categor\u00eda 2<\/strong>\u00a0(de 5) en la escala Saffir-Simpson, aunque advirti\u00f3 que continuar\u00e1n las intensas lluvias, fuertes vientos y marejadas asociadas en el este del pa\u00eds.<\/p>\n<p>Melissa toc\u00f3 tierra con categor\u00eda 3 a las 3:10 hora local (7:10 GMT) por el municipio de Chivirico (este) en la provincia Santiago de Cuba, la segunda ciudad m\u00e1s importante del pa\u00eds, seg\u00fan el Insmet.<\/p>\n<p>El m\u00e1s reciente aviso del Insmet se\u00f1al\u00f3 que Melissa ha dejado\u00a0<strong>acumulados significativos de lluvia<\/strong>\u00a0en la regi\u00f3n del oriente de Cuba, como los 335,2 mil\u00edmetros en el Centro Meteorol\u00f3gico de la provincia Holgu\u00edn.<\/p>\n<p>En cuanto a los\u00a0<strong>vientos<\/strong>, se\u00f1al\u00f3 que \u201c<strong>se mantendr\u00e1n con fuerza\u00a0<\/strong>de tormenta tropical, con velocidades entre 70 y 119 kil\u00f3metros por hora, con rachas superiores\u201d.<\/p>\n<p>La instituci\u00f3n cubana tambi\u00e9n advirti\u00f3 de \u201cfuertes marejadas en ambos litorales orientales\u201d con olas de entre 4 y 6 metros; as\u00ed como \u201cinundaciones de moderadas a fuertes en zonas bajas de estos litorales\u201d.<\/p>\n<p>En las seis provincias en alarma cicl\u00f3nica (Granma, Santiago de Cuba, Guant\u00e1namo, Holgu\u00edn, Las Tunas y Camag\u00fcey) se ha evacuado o protegido a 735.000 personas, la mayor\u00eda en casas de familiares y amigos.<\/p>\n<p>Estas regiones del este de Cuba, excepto Camag\u00fcey, permanecen en\u00a0<strong>apag\u00f3n desde el martes<\/strong>\u00a0con cerca de 3,5 millones de personas a oscuras desde entonces.<\/p>\n<p>Adem\u00e1s, se ha\u00a0<strong>paralizado el transporte p\u00fablico terrestre, mar\u00edtimo y a\u00e9reo<\/strong>; se ha suspendido la actividad docente y se han asegurado infraestructuras estatales y cultivos.<\/p>\n","protected":false},"excerpt":{"rendered":"<p>HURAC\u00c1N MELISSA BAJA A CATEGOR\u00cdA 2 EN SU PASO POR EL ESTE DE CUBA El Instituto de Meteorolog\u00eda de Cuba (Insmet) inform\u00f3 este mi\u00e9rcoles que el\u00a0hurac\u00e1n Melissa se degrad\u00f3 a categor\u00eda 2\u00a0(de 5) en la escala Saffir-Simpson, aunque advirti\u00f3 que continuar\u00e1n las intensas lluvias, fuertes vientos y marejadas asociadas en el este del pa\u00eds. Melissa [&hellip;]<\/p>\n","protected":false},"author":1,"featured_media":5310,"comment_status":"open","ping_status":"open","sticky":false,"template":"","format":"standard","meta":{"footnotes":""},"categories":[4],"tags":[],"class_list":["post-5309","post","type-post","status-publish","format-standard","has-post-thumbnail","hentry","category-noticias"],"_links":{"self":[{"href":"https:\/\/trabucoradio.com\/home\/index.php?rest_route=\/wp\/v2\/posts\/5309","targetHints":{"allow":["GET"]}}],"collection":[{"href":"https:\/\/trabucoradio.com\/home\/index.php?rest_route=\/wp\/v2\/posts"}],"about":[{"href":"https:\/\/trabucoradio.com\/home\/index.php?rest_route=\/wp\/v2\/types\/post"}],"author":[{"embeddable":true,"href":"https:\/\/trabucoradio.com\/home\/index.php?rest_route=\/wp\/v2\/users\/1"}],"replies":[{"embeddable":true,"href":"https:\/\/trabucoradio.com\/home\/index.php?rest_route=%2Fwp%2Fv2%2Fcomments&post=5309"}],"version-history":[{"count":1,"href":"https:\/\/trabucoradio.com\/home\/index.php?rest_route=\/wp\/v2\/posts\/5309\/revisions"}],"predecessor-version":[{"id":5311,"href":"https:\/\/trabucoradio.com\/home\/index.php?rest_route=\/wp\/v2\/posts\/5309\/revisions\/5311"}],"wp:featuredmedia":[{"embeddable":true,"href":"https:\/\/trabucoradio.com\/home\/index.php?rest_route=\/wp\/v2\/media\/5310"}],"wp:attachment":[{"href":"https:\/\/trabucoradio.com\/home\/index.php?rest_route=%2Fwp%2Fv2%2Fmedia&parent=5309"}],"wp:term":[{"taxonomy":"category","embeddable":true,"href":"https:\/\/trabucoradio.com\/home\/index.php?rest_route=%2Fwp%2Fv2%2Fcategories&post=5309"},{"taxonomy":"post_tag","embeddable":true,"href":"https:\/\/trabucoradio.com\/home\/index.php?rest_route=%2Fwp%2Fv2%2Ftags&post=5309"}],"curies":[{"name":"wp","href":"https:\/\/api.w.org\/{rel}","templated":true}]}}