{"id":5306,"date":"2025-10-29T09:51:12","date_gmt":"2025-10-29T15:51:12","guid":{"rendered":"https:\/\/trabucoradio.com\/home\/?p=5306"},"modified":"2025-10-29T09:51:12","modified_gmt":"2025-10-29T15:51:12","slug":"avanza-reapertura-de-comercio-de-ganado-hacia-ee-uu-senala-agricultura","status":"publish","type":"post","link":"https:\/\/trabucoradio.com\/home\/?p=5306","title":{"rendered":"AVANZA REAPERTURA DE COMERCIO DE GANADO HACIA EE.UU., SE\u00d1ALA AGRICULTURA"},"content":{"rendered":"<p><strong>AVANZA REAPERTURA DE COMERCIO DE GANADO HACIA EE.UU., SE\u00d1ALA AGRICULTURA<\/strong><\/p>\n<p>El titular de la\u00a0<strong>Secretar\u00eda de Agricultura<\/strong>, Julio Berdegu\u00e9, inform\u00f3 que hay un \u201cavance significativo\u201d en la reapertura de la\u00a0<strong>frontera con<\/strong>\u00a0<strong>Estados Unidos<\/strong>\u00a0para la\u00a0<strong>exportaci\u00f3n de ganado<\/strong>, ante la plaga del\u00a0<strong>gusano barrenador<\/strong>, destacando que se trabaja en la instalaci\u00f3n de una planta de moscas est\u00e9riles para erradicar a las larvas.<\/p>\n<p>Berdegu\u00e9 explic\u00f3 que ya se ha reunido en diversas ocasiones con funcionarios estadounidenses para tratar el tema; sin embargo, aclar\u00f3 que no hay condiciones para establecer una\u00a0<strong>fecha determinada<\/strong>\u00a0para reabrir la frontera con el pa\u00eds vecino y reactivar el comercio de ganado.<\/p>\n<p>Asimismo, dijo que ha mantenido comunicaci\u00f3n con su hom\u00f3loga estadunidense,\u00a0<strong>Brooke Rollins<\/strong>, y ha acordado con \u201csocios estadunidenses probar las plantas modulares, peque\u00f1as y m\u00f3viles que nunca se han usado en el mundo\u201d.<\/p>\n<p>Record\u00f3 que M\u00e9xico lleva 11 meses con esta plaga, del cual el 99.9% de los casos, indic\u00f3, se han mantenido en los\u00a0<strong>estados del sur<\/strong>&#8211;<strong>sureste<\/strong>, por lo que reiter\u00f3 que el plan del gobierno federal es erradicar por completo el gusano barrenador.<\/p>\n","protected":false},"excerpt":{"rendered":"<p>AVANZA REAPERTURA DE COMERCIO DE GANADO HACIA EE.UU., SE\u00d1ALA AGRICULTURA El titular de la\u00a0Secretar\u00eda de Agricultura, Julio Berdegu\u00e9, inform\u00f3 que hay un \u201cavance significativo\u201d en la reapertura de la\u00a0frontera con\u00a0Estados Unidos\u00a0para la\u00a0exportaci\u00f3n de ganado, ante la plaga del\u00a0gusano barrenador, destacando que se trabaja en la instalaci\u00f3n de una planta de moscas est\u00e9riles para erradicar a [&hellip;]<\/p>\n","protected":false},"author":1,"featured_media":5307,"comment_status":"open","ping_status":"open","sticky":false,"template":"","format":"standard","meta":{"footnotes":""},"categories":[4],"tags":[],"class_list":["post-5306","post","type-post","status-publish","format-standard","has-post-thumbnail","hentry","category-noticias"],"_links":{"self":[{"href":"https:\/\/trabucoradio.com\/home\/index.php?rest_route=\/wp\/v2\/posts\/5306","targetHints":{"allow":["GET"]}}],"collection":[{"href":"https:\/\/trabucoradio.com\/home\/index.php?rest_route=\/wp\/v2\/posts"}],"about":[{"href":"https:\/\/trabucoradio.com\/home\/index.php?rest_route=\/wp\/v2\/types\/post"}],"author":[{"embeddable":true,"href":"https:\/\/trabucoradio.com\/home\/index.php?rest_route=\/wp\/v2\/users\/1"}],"replies":[{"embeddable":true,"href":"https:\/\/trabucoradio.com\/home\/index.php?rest_route=%2Fwp%2Fv2%2Fcomments&post=5306"}],"version-history":[{"count":1,"href":"https:\/\/trabucoradio.com\/home\/index.php?rest_route=\/wp\/v2\/posts\/5306\/revisions"}],"predecessor-version":[{"id":5308,"href":"https:\/\/trabucoradio.com\/home\/index.php?rest_route=\/wp\/v2\/posts\/5306\/revisions\/5308"}],"wp:featuredmedia":[{"embeddable":true,"href":"https:\/\/trabucoradio.com\/home\/index.php?rest_route=\/wp\/v2\/media\/5307"}],"wp:attachment":[{"href":"https:\/\/trabucoradio.com\/home\/index.php?rest_route=%2Fwp%2Fv2%2Fmedia&parent=5306"}],"wp:term":[{"taxonomy":"category","embeddable":true,"href":"https:\/\/trabucoradio.com\/home\/index.php?rest_route=%2Fwp%2Fv2%2Fcategories&post=5306"},{"taxonomy":"post_tag","embeddable":true,"href":"https:\/\/trabucoradio.com\/home\/index.php?rest_route=%2Fwp%2Fv2%2Ftags&post=5306"}],"curies":[{"name":"wp","href":"https:\/\/api.w.org\/{rel}","templated":true}]}}