{"id":5303,"date":"2025-10-29T09:49:23","date_gmt":"2025-10-29T15:49:23","guid":{"rendered":"https:\/\/trabucoradio.com\/home\/?p=5303"},"modified":"2025-10-29T09:49:23","modified_gmt":"2025-10-29T15:49:23","slug":"pemex-recupera-2-5-millones-de-litros-de-crudo-tras-derrame-en-rio-de-veracruz","status":"publish","type":"post","link":"https:\/\/trabucoradio.com\/home\/?p=5303","title":{"rendered":"PEMEX RECUPERA 2.5 MILLONES DE LITROS DE CRUDO TRAS DERRAME EN R\u00cdO DE VERACRUZ"},"content":{"rendered":"<p><strong>PEMEX RECUPERA 2.5 MILLONES DE LITROS DE CRUDO TRAS DERRAME EN R\u00cdO DE VERACRUZ<\/strong><\/p>\n<p><strong>Petr\u00f3leos Mexicanos<\/strong>\u00a0(Pemex) ha recuperado\u00a0<strong>2<\/strong>\u00a0<strong>millones 519 mil 100 litros\u00a0<\/strong>de hidrocarburo en el derrame en el\u00a0<strong>r\u00edo Pantepec<\/strong>, en el estado de\u00a0<strong>Veracruz<\/strong>, inform\u00f3 la empresa en un comunicado.<\/p>\n<p>Esto como parte de los trabajos de\u00a0<strong>atenci\u00f3n a la fuga<\/strong>\u00a0registrada en el oleoducto de 30 pulgadas\u00a0<strong>Poza Rica<\/strong>\u2013<strong>Madero<\/strong>, en el municipio de\u00a0<strong>\u00c1lamo Temapache<\/strong>.<\/p>\n<p>Inform\u00f3 que se mantienen en labores 755 trabajadores de Pemex, de la\u00a0<strong>Secretar\u00eda de Marina<\/strong>\u00a0(Semar), la\u00a0<strong>Agencia de Seguridad<\/strong>,\u00a0<strong>Energ\u00eda y Ambiente<\/strong>\u00a0(ASEA) y el\u00a0<strong>Gobierno del Estado de Veracruz<\/strong>.<\/p>\n<p>Pemex tambi\u00e9n asegur\u00f3 que contin\u00faa con las acciones de responsabilidad social orientadas al bienestar de las\u00a0<strong>comunidades afectadas<\/strong>\u00a0y para ello mantiene la operaci\u00f3n diaria de las cuatro\u00a0<strong>Unidades M\u00e9dicas M\u00f3viles<\/strong>\u00a0(UMM), tres en \u00c1lamo Temapache y una m\u00e1s en Poza Rica, para ofrecer atenci\u00f3n m\u00e9dica de primer nivel a la poblaci\u00f3n.<\/p>\n","protected":false},"excerpt":{"rendered":"<p>PEMEX RECUPERA 2.5 MILLONES DE LITROS DE CRUDO TRAS DERRAME EN R\u00cdO DE VERACRUZ Petr\u00f3leos Mexicanos\u00a0(Pemex) ha recuperado\u00a02\u00a0millones 519 mil 100 litros\u00a0de hidrocarburo en el derrame en el\u00a0r\u00edo Pantepec, en el estado de\u00a0Veracruz, inform\u00f3 la empresa en un comunicado. Esto como parte de los trabajos de\u00a0atenci\u00f3n a la fuga\u00a0registrada en el oleoducto de 30 pulgadas\u00a0Poza [&hellip;]<\/p>\n","protected":false},"author":1,"featured_media":5304,"comment_status":"open","ping_status":"open","sticky":false,"template":"","format":"standard","meta":{"footnotes":""},"categories":[4],"tags":[],"class_list":["post-5303","post","type-post","status-publish","format-standard","has-post-thumbnail","hentry","category-noticias"],"_links":{"self":[{"href":"https:\/\/trabucoradio.com\/home\/index.php?rest_route=\/wp\/v2\/posts\/5303","targetHints":{"allow":["GET"]}}],"collection":[{"href":"https:\/\/trabucoradio.com\/home\/index.php?rest_route=\/wp\/v2\/posts"}],"about":[{"href":"https:\/\/trabucoradio.com\/home\/index.php?rest_route=\/wp\/v2\/types\/post"}],"author":[{"embeddable":true,"href":"https:\/\/trabucoradio.com\/home\/index.php?rest_route=\/wp\/v2\/users\/1"}],"replies":[{"embeddable":true,"href":"https:\/\/trabucoradio.com\/home\/index.php?rest_route=%2Fwp%2Fv2%2Fcomments&post=5303"}],"version-history":[{"count":1,"href":"https:\/\/trabucoradio.com\/home\/index.php?rest_route=\/wp\/v2\/posts\/5303\/revisions"}],"predecessor-version":[{"id":5305,"href":"https:\/\/trabucoradio.com\/home\/index.php?rest_route=\/wp\/v2\/posts\/5303\/revisions\/5305"}],"wp:featuredmedia":[{"embeddable":true,"href":"https:\/\/trabucoradio.com\/home\/index.php?rest_route=\/wp\/v2\/media\/5304"}],"wp:attachment":[{"href":"https:\/\/trabucoradio.com\/home\/index.php?rest_route=%2Fwp%2Fv2%2Fmedia&parent=5303"}],"wp:term":[{"taxonomy":"category","embeddable":true,"href":"https:\/\/trabucoradio.com\/home\/index.php?rest_route=%2Fwp%2Fv2%2Fcategories&post=5303"},{"taxonomy":"post_tag","embeddable":true,"href":"https:\/\/trabucoradio.com\/home\/index.php?rest_route=%2Fwp%2Fv2%2Ftags&post=5303"}],"curies":[{"name":"wp","href":"https:\/\/api.w.org\/{rel}","templated":true}]}}