{"id":5300,"date":"2025-10-25T12:20:02","date_gmt":"2025-10-25T18:20:02","guid":{"rendered":"https:\/\/trabucoradio.com\/home\/?p=5300"},"modified":"2025-10-25T12:20:02","modified_gmt":"2025-10-25T18:20:02","slug":"cfe-restablece-al-100-el-servicio-electrico-en-regiones-afectadas-por-fuertes-lluvias","status":"publish","type":"post","link":"https:\/\/trabucoradio.com\/home\/?p=5300","title":{"rendered":"CFE RESTABLECE AL 100 % EL SERVICIO EL\u00c9CTRICO EN REGIONES AFECTADAS POR FUERTES LLUVIAS"},"content":{"rendered":"<p><strong>CFE RESTABLECE AL 100 % EL SERVICIO EL\u00c9CTRICO EN REGIONES AFECTADAS POR FUERTES LLUVIAS<\/strong><\/p>\n<p>La\u00a0<strong>Comisi\u00f3n Federal de Electricidad<\/strong>\u00a0(CFE) de M\u00e9xico asegur\u00f3 este s\u00e1bado que el suministro el\u00e9ctrico ha sido restablecido al 100 % a los usuarios afectados tras las lluvias catastr\u00f3ficas que azotaron el centro-oriente del pa\u00eds hace dos semanas.<\/p>\n<p><strong>\u00abCon trabajos ininterrumpidos, el personal electricista recuper\u00f3 el servicio en (los estados de) Hidalgo, Puebla, Quer\u00e9taro, San Luis Potos\u00ed y Veracruz\u00bb<\/strong>, afirm\u00f3 la CFE en un comunicado.<\/p>\n<p>La dependencia apunt\u00f3 que<strong>\u00a0\u00abse restableci\u00f3 al 100 % a los usuarios de la regi\u00f3n\u00bb\u00a0<\/strong>golpeada por las lluvias e inundaciones registradas del 6 al 10 de octubre pasado, como lo\u00a0<strong>\u00abinstruy\u00f3\u00bb<\/strong>\u00a0la presidenta del pa\u00eds, Claudia Sheinbaum.<\/p>\n<p>Para ello, detall\u00f3 la CFE, se desplegaron 1.602 trabajadores electricistas, 503 veh\u00edculos pick up, 219 gr\u00faas articuladas, seis helic\u00f3pteros, ocho drones, ocho retroexcavadoras y cuatro cuatrimotos.<\/p>\n<p>No obstante, la nota precis\u00f3 que los trabajadores permanecer\u00e1n en los sitios que requieran\u00a0<strong>\u00abreparaciones definitivas de la infraestructura el\u00e9ctrica\u00bb.<\/strong><\/p>\n","protected":false},"excerpt":{"rendered":"<p>CFE RESTABLECE AL 100 % EL SERVICIO EL\u00c9CTRICO EN REGIONES AFECTADAS POR FUERTES LLUVIAS La\u00a0Comisi\u00f3n Federal de Electricidad\u00a0(CFE) de M\u00e9xico asegur\u00f3 este s\u00e1bado que el suministro el\u00e9ctrico ha sido restablecido al 100 % a los usuarios afectados tras las lluvias catastr\u00f3ficas que azotaron el centro-oriente del pa\u00eds hace dos semanas. \u00abCon trabajos ininterrumpidos, el personal [&hellip;]<\/p>\n","protected":false},"author":1,"featured_media":5301,"comment_status":"open","ping_status":"open","sticky":false,"template":"","format":"standard","meta":{"footnotes":""},"categories":[4],"tags":[],"class_list":["post-5300","post","type-post","status-publish","format-standard","has-post-thumbnail","hentry","category-noticias"],"_links":{"self":[{"href":"https:\/\/trabucoradio.com\/home\/index.php?rest_route=\/wp\/v2\/posts\/5300","targetHints":{"allow":["GET"]}}],"collection":[{"href":"https:\/\/trabucoradio.com\/home\/index.php?rest_route=\/wp\/v2\/posts"}],"about":[{"href":"https:\/\/trabucoradio.com\/home\/index.php?rest_route=\/wp\/v2\/types\/post"}],"author":[{"embeddable":true,"href":"https:\/\/trabucoradio.com\/home\/index.php?rest_route=\/wp\/v2\/users\/1"}],"replies":[{"embeddable":true,"href":"https:\/\/trabucoradio.com\/home\/index.php?rest_route=%2Fwp%2Fv2%2Fcomments&post=5300"}],"version-history":[{"count":1,"href":"https:\/\/trabucoradio.com\/home\/index.php?rest_route=\/wp\/v2\/posts\/5300\/revisions"}],"predecessor-version":[{"id":5302,"href":"https:\/\/trabucoradio.com\/home\/index.php?rest_route=\/wp\/v2\/posts\/5300\/revisions\/5302"}],"wp:featuredmedia":[{"embeddable":true,"href":"https:\/\/trabucoradio.com\/home\/index.php?rest_route=\/wp\/v2\/media\/5301"}],"wp:attachment":[{"href":"https:\/\/trabucoradio.com\/home\/index.php?rest_route=%2Fwp%2Fv2%2Fmedia&parent=5300"}],"wp:term":[{"taxonomy":"category","embeddable":true,"href":"https:\/\/trabucoradio.com\/home\/index.php?rest_route=%2Fwp%2Fv2%2Fcategories&post=5300"},{"taxonomy":"post_tag","embeddable":true,"href":"https:\/\/trabucoradio.com\/home\/index.php?rest_route=%2Fwp%2Fv2%2Ftags&post=5300"}],"curies":[{"name":"wp","href":"https:\/\/api.w.org\/{rel}","templated":true}]}}