{"id":5296,"date":"2025-10-25T09:42:58","date_gmt":"2025-10-25T15:42:58","guid":{"rendered":"https:\/\/trabucoradio.com\/home\/?p=5296"},"modified":"2025-10-25T09:42:58","modified_gmt":"2025-10-25T15:42:58","slug":"proteccion-civil-descarta-riesgos-en-plaza-altabrisa-tras-corto-circuito","status":"publish","type":"post","link":"https:\/\/trabucoradio.com\/home\/?p=5296","title":{"rendered":"PROTECCI\u00d3N CIVIL DESCARTA RIESGOS EN PLAZA ALTABRISA TRAS CORTO CIRCUITO"},"content":{"rendered":"<p><strong>PROTECCI\u00d3N CIVIL DESCARTA RIESGOS EN PLAZA ALTABRISA TRAS CORTO CIRCUITO<\/strong><\/p>\n<p>El coordinador del\u00a0<strong>Instituto de Protecci\u00f3n Civil del Estado de Tabasco (IPCET), Armando Pulido Pardo<\/strong>, asegur\u00f3 que Plaza Altabrisa no representa un riesgo para la poblaci\u00f3n, luego de que en d\u00edas recientes se registr\u00f3 un presunto corto circuito en el centro comercial.<\/p>\n<p>Pulido Pardo precis\u00f3 que este tipo de incidentes \u201cpueden ocurrir en cualquier establecimiento\u201d, por lo que pidi\u00f3 a la ciudadan\u00eda no alarmarse.\u00a0<strong>\u201cEs un tema que se puede dar en cualquier establecimiento<\/strong>\u201d, sostuvo el funcionario.<\/p>\n<p><strong>El coordinador detall\u00f3 que el IPCET, en coordinaci\u00f3n con la Unidad Municipal de Protecci\u00f3n Civil del Centro y la administraci\u00f3n de la plaza, realizan verificaciones<\/strong>, inspecciones y adecuaciones para la reducci\u00f3n de riesgos en instalaciones de gas, el\u00e9ctricas e infraestructura.<\/p>\n<p>Cabe mencionar que, esta plaza comercial se ha caracterizado por registrar cortos circuitos, conatos de incendio, explosiones e incluso encharcamientos.<\/p>\n","protected":false},"excerpt":{"rendered":"<p>PROTECCI\u00d3N CIVIL DESCARTA RIESGOS EN PLAZA ALTABRISA TRAS CORTO CIRCUITO El coordinador del\u00a0Instituto de Protecci\u00f3n Civil del Estado de Tabasco (IPCET), Armando Pulido Pardo, asegur\u00f3 que Plaza Altabrisa no representa un riesgo para la poblaci\u00f3n, luego de que en d\u00edas recientes se registr\u00f3 un presunto corto circuito en el centro comercial. Pulido Pardo precis\u00f3 que [&hellip;]<\/p>\n","protected":false},"author":1,"featured_media":5297,"comment_status":"open","ping_status":"open","sticky":false,"template":"","format":"standard","meta":{"footnotes":""},"categories":[4],"tags":[],"class_list":["post-5296","post","type-post","status-publish","format-standard","has-post-thumbnail","hentry","category-noticias"],"_links":{"self":[{"href":"https:\/\/trabucoradio.com\/home\/index.php?rest_route=\/wp\/v2\/posts\/5296","targetHints":{"allow":["GET"]}}],"collection":[{"href":"https:\/\/trabucoradio.com\/home\/index.php?rest_route=\/wp\/v2\/posts"}],"about":[{"href":"https:\/\/trabucoradio.com\/home\/index.php?rest_route=\/wp\/v2\/types\/post"}],"author":[{"embeddable":true,"href":"https:\/\/trabucoradio.com\/home\/index.php?rest_route=\/wp\/v2\/users\/1"}],"replies":[{"embeddable":true,"href":"https:\/\/trabucoradio.com\/home\/index.php?rest_route=%2Fwp%2Fv2%2Fcomments&post=5296"}],"version-history":[{"count":1,"href":"https:\/\/trabucoradio.com\/home\/index.php?rest_route=\/wp\/v2\/posts\/5296\/revisions"}],"predecessor-version":[{"id":5298,"href":"https:\/\/trabucoradio.com\/home\/index.php?rest_route=\/wp\/v2\/posts\/5296\/revisions\/5298"}],"wp:featuredmedia":[{"embeddable":true,"href":"https:\/\/trabucoradio.com\/home\/index.php?rest_route=\/wp\/v2\/media\/5297"}],"wp:attachment":[{"href":"https:\/\/trabucoradio.com\/home\/index.php?rest_route=%2Fwp%2Fv2%2Fmedia&parent=5296"}],"wp:term":[{"taxonomy":"category","embeddable":true,"href":"https:\/\/trabucoradio.com\/home\/index.php?rest_route=%2Fwp%2Fv2%2Fcategories&post=5296"},{"taxonomy":"post_tag","embeddable":true,"href":"https:\/\/trabucoradio.com\/home\/index.php?rest_route=%2Fwp%2Fv2%2Ftags&post=5296"}],"curies":[{"name":"wp","href":"https:\/\/api.w.org\/{rel}","templated":true}]}}