{"id":5293,"date":"2025-10-25T09:40:40","date_gmt":"2025-10-25T15:40:40","guid":{"rendered":"https:\/\/trabucoradio.com\/home\/?p=5293"},"modified":"2025-10-25T09:40:40","modified_gmt":"2025-10-25T15:40:40","slug":"suprema-corte-estudia-un-amparo-de-un-pueblo-contra-las-corridas-de-toros-sin-sangre","status":"publish","type":"post","link":"https:\/\/trabucoradio.com\/home\/?p=5293","title":{"rendered":"SUPREMA CORTE ESTUDIA UN AMPARO DE UN PUEBLO CONTRA LAS CORRIDAS DE TOROS &#8216;SIN SANGRE&#8217;"},"content":{"rendered":"<p><strong>SUPREMA CORTE ESTUDIA UN AMPARO DE UN PUEBLO CONTRA LAS CORRIDAS DE TOROS &#8216;SIN SANGRE&#8217;<\/strong><\/p>\n<p>La Suprema Corte de Justicia de la Naci\u00f3n (<strong>SCJN) de M\u00e9xico\u00a0<\/strong>analizar\u00e1 un amparo contra la prohibici\u00f3n de los espect\u00e1culos con animales y la\u00a0<strong>\u00abimposici\u00f3n\u00bb de las \u00abcorridas de toros sin sangre\u00bb\u00a0<\/strong>en la Ciudad de M\u00e9xico, promovido por el pueblo originario de San Juan Malinaltongo, en el centro-sur de la capital del pa\u00eds.<\/p>\n<p>Los pobladores explicaron este viernes a EFE que su principal reclamo que no fueron consultados sobre dicha prohibici\u00f3n y buscan realizar un refer\u00e9ndum para decidir si aplicarla en la alcald\u00eda Benito Ju\u00e1rez,\u00a0<strong>demarcaci\u00f3n interna en Ciudad de M\u00e9xico<\/strong>, donde se ubica la Plaza de Toros, a unas calles del pueblo originario.<\/p>\n<p>La presidenta del Consejo Aut\u00f3nomo de Pueblos y Barrios Originarios, Fabiola Poblano Ramos, dijo a EFE que el recurso fue presentado por los habitantes de San Juan Malinaltongo, quienes acusan de\u00a0<strong>\u201cuna afectaci\u00f3n por el derecho de identidad cultural y la memoria hist\u00f3rica del pueblo que est\u00e1n relacionadas con las corridas de toros\u201d.<\/strong><\/p>\n<p>Los demandantes argumentan que el Convenio 169 de la Organizaci\u00f3n Internacional de Trabajo (OIT) establece\u00a0<strong>\u201cla obligaci\u00f3n de los estados\u201d<\/strong>\u00a0de consultar a las comunidades cualquier ley o acci\u00f3n de gobierno que les ata\u00f1a.<\/p>\n<p>Poblano se\u00f1al\u00f3 que M\u00e9xico\u00a0<strong>\u201cpromovi\u00f3 el convenio 169 y est\u00e1 obligado a cumplirlo\u201d<\/strong>. Adem\u00e1s, consider\u00f3 que\u00a0<strong>\u201cesta consulta debe ser vinculante\u201d.<\/strong><\/p>\n<p>Agreg\u00f3 que la propia Constituci\u00f3n de M\u00e9xico, en su art\u00edculo n\u00famero 2, reconoce el derecho de los pueblos al autogobierno.<\/p>\n","protected":false},"excerpt":{"rendered":"<p>SUPREMA CORTE ESTUDIA UN AMPARO DE UN PUEBLO CONTRA LAS CORRIDAS DE TOROS &#8216;SIN SANGRE&#8217; La Suprema Corte de Justicia de la Naci\u00f3n (SCJN) de M\u00e9xico\u00a0analizar\u00e1 un amparo contra la prohibici\u00f3n de los espect\u00e1culos con animales y la\u00a0\u00abimposici\u00f3n\u00bb de las \u00abcorridas de toros sin sangre\u00bb\u00a0en la Ciudad de M\u00e9xico, promovido por el pueblo originario de [&hellip;]<\/p>\n","protected":false},"author":1,"featured_media":5294,"comment_status":"open","ping_status":"open","sticky":false,"template":"","format":"standard","meta":{"footnotes":""},"categories":[4],"tags":[],"class_list":["post-5293","post","type-post","status-publish","format-standard","has-post-thumbnail","hentry","category-noticias"],"_links":{"self":[{"href":"https:\/\/trabucoradio.com\/home\/index.php?rest_route=\/wp\/v2\/posts\/5293","targetHints":{"allow":["GET"]}}],"collection":[{"href":"https:\/\/trabucoradio.com\/home\/index.php?rest_route=\/wp\/v2\/posts"}],"about":[{"href":"https:\/\/trabucoradio.com\/home\/index.php?rest_route=\/wp\/v2\/types\/post"}],"author":[{"embeddable":true,"href":"https:\/\/trabucoradio.com\/home\/index.php?rest_route=\/wp\/v2\/users\/1"}],"replies":[{"embeddable":true,"href":"https:\/\/trabucoradio.com\/home\/index.php?rest_route=%2Fwp%2Fv2%2Fcomments&post=5293"}],"version-history":[{"count":1,"href":"https:\/\/trabucoradio.com\/home\/index.php?rest_route=\/wp\/v2\/posts\/5293\/revisions"}],"predecessor-version":[{"id":5295,"href":"https:\/\/trabucoradio.com\/home\/index.php?rest_route=\/wp\/v2\/posts\/5293\/revisions\/5295"}],"wp:featuredmedia":[{"embeddable":true,"href":"https:\/\/trabucoradio.com\/home\/index.php?rest_route=\/wp\/v2\/media\/5294"}],"wp:attachment":[{"href":"https:\/\/trabucoradio.com\/home\/index.php?rest_route=%2Fwp%2Fv2%2Fmedia&parent=5293"}],"wp:term":[{"taxonomy":"category","embeddable":true,"href":"https:\/\/trabucoradio.com\/home\/index.php?rest_route=%2Fwp%2Fv2%2Fcategories&post=5293"},{"taxonomy":"post_tag","embeddable":true,"href":"https:\/\/trabucoradio.com\/home\/index.php?rest_route=%2Fwp%2Fv2%2Ftags&post=5293"}],"curies":[{"name":"wp","href":"https:\/\/api.w.org\/{rel}","templated":true}]}}