{"id":5290,"date":"2025-10-25T09:35:24","date_gmt":"2025-10-25T15:35:24","guid":{"rendered":"https:\/\/trabucoradio.com\/home\/?p=5290"},"modified":"2025-10-25T09:35:24","modified_gmt":"2025-10-25T15:35:24","slug":"ujat-descarta-retomar-proyecto-granja-acuicola-en-jalapa-cerrada-por-inseguridad","status":"publish","type":"post","link":"https:\/\/trabucoradio.com\/home\/?p=5290","title":{"rendered":"UJAT DESCARTA RETOMAR PROYECTO GRANJA ACU\u00cdCOLA EN JALAPA CERRADA POR INSEGURIDAD"},"content":{"rendered":"<p><strong>UJAT DESCARTA RETOMAR PROYECTO GRANJA ACU\u00cdCOLA EN JALAPA CERRADA POR INSEGURIDAD<\/strong><\/p>\n<p>El rector de la Universidad Ju\u00e1rez Aut\u00f3noma de Tabasco (<strong>UJAT<\/strong>) Guillermo Narv\u00e1ez Osorio,\u00a0<strong>descart\u00f3<\/strong>\u00a0<strong>retomar<\/strong>\u00a0<strong>el<\/strong>\u00a0<strong>proyecto<\/strong>\u00a0<strong>de<\/strong>\u00a0<strong>la<\/strong>\u00a0<strong>granja<\/strong>\u00a0<strong>acu\u00edcola<\/strong>\u00a0<strong>escolar<\/strong>, ubicada en el municipio de\u00a0<strong>Jalapa<\/strong>, que fue\u00a0<strong>cerrada<\/strong>\u00a0<strong>por<\/strong>\u00a0<strong>inseguridad<\/strong>.<\/p>\n<p>Sostuvo que la\u00a0<strong>granja<\/strong>\u00a0<strong>no<\/strong>\u00a0<strong>es<\/strong>\u00a0<strong>propiedad<\/strong>\u00a0de la\u00a0<strong>universidad<\/strong>, se trat\u00f3 de un\u00a0<strong>inmueble<\/strong>\u00a0que la fue\u00a0<strong>cedido,\u00a0<\/strong>\u00a0pero \u00a0ya fue\u00a0<strong>entregado<\/strong>\u00a0<strong>al<\/strong>\u00a0<strong>due\u00f1o<\/strong>, y\u00a0<strong>reactivarla<\/strong>\u00a0implicar\u00eda\u00a0<strong>invertir<\/strong>\u00a0<strong>nuevamente<\/strong>\u00a0en su acondicionamiento.<\/p>\n<p>Narv\u00e1ez Osorio se\u00f1al\u00f3 que actualmente la UJAT\u00a0<strong>cuenta<\/strong>\u00a0<strong>con<\/strong>\u00a0<strong>otras<\/strong>\u00a0<strong>granjas<\/strong>\u00a0<strong>educativas<\/strong>\u00a0para la\u00a0<strong>pr\u00e1ctica<\/strong>\u00a0de los\u00a0<strong>estudiantes<\/strong>, aunque el proyecto en Jalapa buscaba el cultivo de tilapia para venta.<\/p>\n<p>\u00abTenemos otras granjas educativas, se buscaba que tuviera una producci\u00f3n la Jalapa, pero no se retomar\u00e1 el proyecto porque la entregamos hace un a\u00f1o a su propietario e implicar\u00eda invertir\u00bb.<\/p>\n<p>El proyecto buscaba fortalecer la acuacultura en Tabasco, pero debido al robo en la producci\u00f3n y amenazas a estudiantes, cerr\u00f3 la granja hace\u00a0dos a\u00f1os, record\u00f3 el rector.<\/p>\n","protected":false},"excerpt":{"rendered":"<p>UJAT DESCARTA RETOMAR PROYECTO GRANJA ACU\u00cdCOLA EN JALAPA CERRADA POR INSEGURIDAD El rector de la Universidad Ju\u00e1rez Aut\u00f3noma de Tabasco (UJAT) Guillermo Narv\u00e1ez Osorio,\u00a0descart\u00f3\u00a0retomar\u00a0el\u00a0proyecto\u00a0de\u00a0la\u00a0granja\u00a0acu\u00edcola\u00a0escolar, ubicada en el municipio de\u00a0Jalapa, que fue\u00a0cerrada\u00a0por\u00a0inseguridad. Sostuvo que la\u00a0granja\u00a0no\u00a0es\u00a0propiedad\u00a0de la\u00a0universidad, se trat\u00f3 de un\u00a0inmueble\u00a0que la fue\u00a0cedido,\u00a0\u00a0pero \u00a0ya fue\u00a0entregado\u00a0al\u00a0due\u00f1o, y\u00a0reactivarla\u00a0implicar\u00eda\u00a0invertir\u00a0nuevamente\u00a0en su acondicionamiento. Narv\u00e1ez Osorio se\u00f1al\u00f3 que actualmente la UJAT\u00a0cuenta\u00a0con\u00a0otras\u00a0granjas\u00a0educativas\u00a0para la\u00a0pr\u00e1ctica\u00a0de los\u00a0estudiantes, [&hellip;]<\/p>\n","protected":false},"author":1,"featured_media":5291,"comment_status":"open","ping_status":"open","sticky":false,"template":"","format":"standard","meta":{"footnotes":""},"categories":[4],"tags":[],"class_list":["post-5290","post","type-post","status-publish","format-standard","has-post-thumbnail","hentry","category-noticias"],"_links":{"self":[{"href":"https:\/\/trabucoradio.com\/home\/index.php?rest_route=\/wp\/v2\/posts\/5290","targetHints":{"allow":["GET"]}}],"collection":[{"href":"https:\/\/trabucoradio.com\/home\/index.php?rest_route=\/wp\/v2\/posts"}],"about":[{"href":"https:\/\/trabucoradio.com\/home\/index.php?rest_route=\/wp\/v2\/types\/post"}],"author":[{"embeddable":true,"href":"https:\/\/trabucoradio.com\/home\/index.php?rest_route=\/wp\/v2\/users\/1"}],"replies":[{"embeddable":true,"href":"https:\/\/trabucoradio.com\/home\/index.php?rest_route=%2Fwp%2Fv2%2Fcomments&post=5290"}],"version-history":[{"count":1,"href":"https:\/\/trabucoradio.com\/home\/index.php?rest_route=\/wp\/v2\/posts\/5290\/revisions"}],"predecessor-version":[{"id":5292,"href":"https:\/\/trabucoradio.com\/home\/index.php?rest_route=\/wp\/v2\/posts\/5290\/revisions\/5292"}],"wp:featuredmedia":[{"embeddable":true,"href":"https:\/\/trabucoradio.com\/home\/index.php?rest_route=\/wp\/v2\/media\/5291"}],"wp:attachment":[{"href":"https:\/\/trabucoradio.com\/home\/index.php?rest_route=%2Fwp%2Fv2%2Fmedia&parent=5290"}],"wp:term":[{"taxonomy":"category","embeddable":true,"href":"https:\/\/trabucoradio.com\/home\/index.php?rest_route=%2Fwp%2Fv2%2Fcategories&post=5290"},{"taxonomy":"post_tag","embeddable":true,"href":"https:\/\/trabucoradio.com\/home\/index.php?rest_route=%2Fwp%2Fv2%2Ftags&post=5290"}],"curies":[{"name":"wp","href":"https:\/\/api.w.org\/{rel}","templated":true}]}}