{"id":5284,"date":"2025-10-24T09:31:21","date_gmt":"2025-10-24T15:31:21","guid":{"rendered":"https:\/\/trabucoradio.com\/home\/?p=5284"},"modified":"2025-10-24T09:31:21","modified_gmt":"2025-10-24T15:31:21","slug":"trasladan-56-reos-mas-del-creset-a-huimanguillo-suman-112-internos-reubicados","status":"publish","type":"post","link":"https:\/\/trabucoradio.com\/home\/?p=5284","title":{"rendered":"TRASLADAN 56 REOS M\u00c1S DEL CRESET A HUIMANGUILLO; SUMAN 112 INTERNOS REUBICADOS"},"content":{"rendered":"<p><strong>TRASLADAN 56 REOS M\u00c1S DEL CRESET A HUIMANGUILLO; SUMAN 112 INTERNOS REUBICADOS<\/strong><\/p>\n<p>En la madrugada de este viernes se llev\u00f3 a cabo un nuevo operativo de traslado de personas privadas de la libertad desde el\u00a0<strong>Centro de Reinserci\u00f3n Social del Estado de Tabasco (CRESET)<\/strong>\u00a0hacia el penal de m\u00e1xima seguridad,\u00a0<strong>Centro de Reinserci\u00f3n Social (Cereso) n\u00famero 9, ubicado en Estaci\u00f3n Chontalpa, municipio de Huimanguillo.<\/strong><\/p>\n<p>Con este movimiento,\u00a0<strong>la cifra total de reclusos trasladados asciende a 112<\/strong>, como parte del programa de reubicaci\u00f3n implementado por las autoridades estatales para fortalecer la seguridad y disminuir la sobrepoblaci\u00f3n penitenciaria.<\/p>\n<p><strong>Cabe recordar que el primer movimiento de reos hacia el nuevo penal se realiz\u00f3 el pasado 4 de septiembre<\/strong>, cuando siete internos fueron trasladados bajo un fuerte dispositivo de seguridad, posteriormente, el 17 de septiembre se registr\u00f3 la segunda reubicaci\u00f3n.<\/p>\n<p>El gobernador Javier May Rodr\u00edguez dio a conocer que\u00a0<strong>el nuevo reclusorio de Huimanguillo tendr\u00e1 capacidad para albergar hasta 750 personas privadas de la libertad<\/strong>.<\/p>\n","protected":false},"excerpt":{"rendered":"<p>TRASLADAN 56 REOS M\u00c1S DEL CRESET A HUIMANGUILLO; SUMAN 112 INTERNOS REUBICADOS En la madrugada de este viernes se llev\u00f3 a cabo un nuevo operativo de traslado de personas privadas de la libertad desde el\u00a0Centro de Reinserci\u00f3n Social del Estado de Tabasco (CRESET)\u00a0hacia el penal de m\u00e1xima seguridad,\u00a0Centro de Reinserci\u00f3n Social (Cereso) n\u00famero 9, ubicado [&hellip;]<\/p>\n","protected":false},"author":1,"featured_media":5285,"comment_status":"open","ping_status":"open","sticky":false,"template":"","format":"standard","meta":{"footnotes":""},"categories":[4],"tags":[],"class_list":["post-5284","post","type-post","status-publish","format-standard","has-post-thumbnail","hentry","category-noticias"],"_links":{"self":[{"href":"https:\/\/trabucoradio.com\/home\/index.php?rest_route=\/wp\/v2\/posts\/5284","targetHints":{"allow":["GET"]}}],"collection":[{"href":"https:\/\/trabucoradio.com\/home\/index.php?rest_route=\/wp\/v2\/posts"}],"about":[{"href":"https:\/\/trabucoradio.com\/home\/index.php?rest_route=\/wp\/v2\/types\/post"}],"author":[{"embeddable":true,"href":"https:\/\/trabucoradio.com\/home\/index.php?rest_route=\/wp\/v2\/users\/1"}],"replies":[{"embeddable":true,"href":"https:\/\/trabucoradio.com\/home\/index.php?rest_route=%2Fwp%2Fv2%2Fcomments&post=5284"}],"version-history":[{"count":1,"href":"https:\/\/trabucoradio.com\/home\/index.php?rest_route=\/wp\/v2\/posts\/5284\/revisions"}],"predecessor-version":[{"id":5286,"href":"https:\/\/trabucoradio.com\/home\/index.php?rest_route=\/wp\/v2\/posts\/5284\/revisions\/5286"}],"wp:featuredmedia":[{"embeddable":true,"href":"https:\/\/trabucoradio.com\/home\/index.php?rest_route=\/wp\/v2\/media\/5285"}],"wp:attachment":[{"href":"https:\/\/trabucoradio.com\/home\/index.php?rest_route=%2Fwp%2Fv2%2Fmedia&parent=5284"}],"wp:term":[{"taxonomy":"category","embeddable":true,"href":"https:\/\/trabucoradio.com\/home\/index.php?rest_route=%2Fwp%2Fv2%2Fcategories&post=5284"},{"taxonomy":"post_tag","embeddable":true,"href":"https:\/\/trabucoradio.com\/home\/index.php?rest_route=%2Fwp%2Fv2%2Ftags&post=5284"}],"curies":[{"name":"wp","href":"https:\/\/api.w.org\/{rel}","templated":true}]}}