{"id":5280,"date":"2025-10-24T09:27:21","date_gmt":"2025-10-24T15:27:21","guid":{"rendered":"https:\/\/trabucoradio.com\/home\/?p=5280"},"modified":"2025-10-24T09:27:21","modified_gmt":"2025-10-24T15:27:21","slug":"sheinbaum-promete-apoyo-total-a-las-familias-de-alamo-veracruz","status":"publish","type":"post","link":"https:\/\/trabucoradio.com\/home\/?p=5280","title":{"rendered":"SHEINBAUM PROMETE APOYO TOTAL A LAS FAMILIAS DE \u00c1LAMO, VERACRUZ"},"content":{"rendered":"<p><strong>SHEINBAUM PROMETE APOYO TOTAL A LAS FAMILIAS DE \u00c1LAMO, VERACRUZ<\/strong><\/p>\n<p>La presidenta de M\u00e9xico, Claudia Sheinbaum\u00a0 Pardo, recorri\u00f3 este jueves el municipio de\u00a0\u00c1lamo, Veracruz, donde asegur\u00f3 que el\u00a0<strong>Gobierno de M\u00e9xico atiende directamente a las\u00a0familias damnificadas por las intensas lluvias\u00a0del 9 y 10 de octubre.<\/strong><\/p>\n<p><strong>&#8216;Escuchamos y atendemos las necesidades de todas las familias afectadas por lluvias. No est\u00e1n solas&#8217;<\/strong>, expres\u00f3 Sheinbaum\u00a0Pardo, acompa\u00f1ada por la gobernadora Roc\u00edo Nahle.<\/p>\n<p><strong>Cabe resaltar que la presidenta tambi\u00e9n visit\u00f3\u00a0Poza Rica, donde supervis\u00f3 un\u00a0M\u00f3dulo del Bienestar\u00a0y reiter\u00f3 que su gobierno permanecer\u00e1 en las zonas afectadas hasta garantizar que todas las familias reciban atenci\u00f3n.\u00a0<\/strong>M\u00e1s tarde, se trasladar\u00e1 a\u00a0Puebla\u00a0para encabezar\u00a0labores de limpieza\u00a0y entrega de apoyos directos.<\/p>\n","protected":false},"excerpt":{"rendered":"<p>SHEINBAUM PROMETE APOYO TOTAL A LAS FAMILIAS DE \u00c1LAMO, VERACRUZ La presidenta de M\u00e9xico, Claudia Sheinbaum\u00a0 Pardo, recorri\u00f3 este jueves el municipio de\u00a0\u00c1lamo, Veracruz, donde asegur\u00f3 que el\u00a0Gobierno de M\u00e9xico atiende directamente a las\u00a0familias damnificadas por las intensas lluvias\u00a0del 9 y 10 de octubre. &#8216;Escuchamos y atendemos las necesidades de todas las familias afectadas por [&hellip;]<\/p>\n","protected":false},"author":1,"featured_media":5281,"comment_status":"open","ping_status":"open","sticky":false,"template":"","format":"standard","meta":{"footnotes":""},"categories":[4],"tags":[],"class_list":["post-5280","post","type-post","status-publish","format-standard","has-post-thumbnail","hentry","category-noticias"],"_links":{"self":[{"href":"https:\/\/trabucoradio.com\/home\/index.php?rest_route=\/wp\/v2\/posts\/5280","targetHints":{"allow":["GET"]}}],"collection":[{"href":"https:\/\/trabucoradio.com\/home\/index.php?rest_route=\/wp\/v2\/posts"}],"about":[{"href":"https:\/\/trabucoradio.com\/home\/index.php?rest_route=\/wp\/v2\/types\/post"}],"author":[{"embeddable":true,"href":"https:\/\/trabucoradio.com\/home\/index.php?rest_route=\/wp\/v2\/users\/1"}],"replies":[{"embeddable":true,"href":"https:\/\/trabucoradio.com\/home\/index.php?rest_route=%2Fwp%2Fv2%2Fcomments&post=5280"}],"version-history":[{"count":1,"href":"https:\/\/trabucoradio.com\/home\/index.php?rest_route=\/wp\/v2\/posts\/5280\/revisions"}],"predecessor-version":[{"id":5282,"href":"https:\/\/trabucoradio.com\/home\/index.php?rest_route=\/wp\/v2\/posts\/5280\/revisions\/5282"}],"wp:featuredmedia":[{"embeddable":true,"href":"https:\/\/trabucoradio.com\/home\/index.php?rest_route=\/wp\/v2\/media\/5281"}],"wp:attachment":[{"href":"https:\/\/trabucoradio.com\/home\/index.php?rest_route=%2Fwp%2Fv2%2Fmedia&parent=5280"}],"wp:term":[{"taxonomy":"category","embeddable":true,"href":"https:\/\/trabucoradio.com\/home\/index.php?rest_route=%2Fwp%2Fv2%2Fcategories&post=5280"},{"taxonomy":"post_tag","embeddable":true,"href":"https:\/\/trabucoradio.com\/home\/index.php?rest_route=%2Fwp%2Fv2%2Ftags&post=5280"}],"curies":[{"name":"wp","href":"https:\/\/api.w.org\/{rel}","templated":true}]}}