{"id":5270,"date":"2025-10-23T09:07:51","date_gmt":"2025-10-23T15:07:51","guid":{"rendered":"https:\/\/trabucoradio.com\/home\/?p=5270"},"modified":"2025-10-23T09:07:51","modified_gmt":"2025-10-23T15:07:51","slug":"hay-empresarios-de-ee-uu-incluidos-en-investigacion-por-huachicol-fiscal-confirma-sheinbaum","status":"publish","type":"post","link":"https:\/\/trabucoradio.com\/home\/?p=5270","title":{"rendered":"HAY EMPRESARIOS DE EE.UU. INCLUIDOS EN INVESTIGACI\u00d3N POR HUACHICOL FISCAL, CONFIRMA SHEINBAUM"},"content":{"rendered":"<p><strong>HAY EMPRESARIOS DE EE.UU. INCLUIDOS EN INVESTIGACI\u00d3N POR HUACHICOL FISCAL, CONFIRMA SHEINBAUM<\/strong><\/p>\n<p>La presidenta\u00a0<strong>Claudia Sheinbaum<\/strong>\u00a0confirm\u00f3 este jueves que hay\u00a0<strong>empresarios de<\/strong>\u00a0<strong>Estados Unidos<\/strong>\u00a0que estar\u00edan implicados en la red de\u00a0<strong>huachicol fiscal<\/strong>\u00a0en M\u00e9xico, de acuerdo con carpetas de investigaci\u00f3n en la\u00a0<strong>Fiscal\u00eda General de la Rep\u00fablica<\/strong>\u00a0(FGR).<\/p>\n<p>Al respecto, se\u00f1al\u00f3 que se est\u00e1 a la espera de que los jueces concedan las\u00a0<strong>\u00f3rdenes de aprehensi\u00f3n<\/strong>\u00a0para detener a los presuntos implicados en este contrabando de combustible. Admiti\u00f3 adem\u00e1s que contin\u00faa ingresando huachicol fiscal a\u00a0<strong>M\u00e9xico<\/strong>; no obstante, aclar\u00f3 que \u00abya es bastante menos\u00bb, debido a las recientes detenciones.<\/p>\n<p>Sheinbaum confirm\u00f3 esta noticia luego de que la agencia Reuters publicara que la empresa estadounidense\u00a0<strong>Ikon Midstream<\/strong>\u00a0estuvo involucrado en el transporte de 120 mil barriles de di\u00e9sel al\u00a0<strong>Puerto de Ensenada<\/strong>\u00a0en conjunto con el\u00a0<strong>C\u00e1rtel Jalisco Nueva Generaci\u00f3n<\/strong>\u00a0(CJNG).<\/p>\n","protected":false},"excerpt":{"rendered":"<p>HAY EMPRESARIOS DE EE.UU. INCLUIDOS EN INVESTIGACI\u00d3N POR HUACHICOL FISCAL, CONFIRMA SHEINBAUM La presidenta\u00a0Claudia Sheinbaum\u00a0confirm\u00f3 este jueves que hay\u00a0empresarios de\u00a0Estados Unidos\u00a0que estar\u00edan implicados en la red de\u00a0huachicol fiscal\u00a0en M\u00e9xico, de acuerdo con carpetas de investigaci\u00f3n en la\u00a0Fiscal\u00eda General de la Rep\u00fablica\u00a0(FGR). Al respecto, se\u00f1al\u00f3 que se est\u00e1 a la espera de que los jueces concedan [&hellip;]<\/p>\n","protected":false},"author":1,"featured_media":5271,"comment_status":"open","ping_status":"open","sticky":false,"template":"","format":"standard","meta":{"footnotes":""},"categories":[4,3],"tags":[],"class_list":["post-5270","post","type-post","status-publish","format-standard","has-post-thumbnail","hentry","category-noticias","category-politica"],"_links":{"self":[{"href":"https:\/\/trabucoradio.com\/home\/index.php?rest_route=\/wp\/v2\/posts\/5270","targetHints":{"allow":["GET"]}}],"collection":[{"href":"https:\/\/trabucoradio.com\/home\/index.php?rest_route=\/wp\/v2\/posts"}],"about":[{"href":"https:\/\/trabucoradio.com\/home\/index.php?rest_route=\/wp\/v2\/types\/post"}],"author":[{"embeddable":true,"href":"https:\/\/trabucoradio.com\/home\/index.php?rest_route=\/wp\/v2\/users\/1"}],"replies":[{"embeddable":true,"href":"https:\/\/trabucoradio.com\/home\/index.php?rest_route=%2Fwp%2Fv2%2Fcomments&post=5270"}],"version-history":[{"count":1,"href":"https:\/\/trabucoradio.com\/home\/index.php?rest_route=\/wp\/v2\/posts\/5270\/revisions"}],"predecessor-version":[{"id":5272,"href":"https:\/\/trabucoradio.com\/home\/index.php?rest_route=\/wp\/v2\/posts\/5270\/revisions\/5272"}],"wp:featuredmedia":[{"embeddable":true,"href":"https:\/\/trabucoradio.com\/home\/index.php?rest_route=\/wp\/v2\/media\/5271"}],"wp:attachment":[{"href":"https:\/\/trabucoradio.com\/home\/index.php?rest_route=%2Fwp%2Fv2%2Fmedia&parent=5270"}],"wp:term":[{"taxonomy":"category","embeddable":true,"href":"https:\/\/trabucoradio.com\/home\/index.php?rest_route=%2Fwp%2Fv2%2Fcategories&post=5270"},{"taxonomy":"post_tag","embeddable":true,"href":"https:\/\/trabucoradio.com\/home\/index.php?rest_route=%2Fwp%2Fv2%2Ftags&post=5270"}],"curies":[{"name":"wp","href":"https:\/\/api.w.org\/{rel}","templated":true}]}}