{"id":5241,"date":"2025-10-16T15:52:55","date_gmt":"2025-10-16T21:52:55","guid":{"rendered":"https:\/\/trabucoradio.com\/home\/?p=5241"},"modified":"2025-10-16T15:52:55","modified_gmt":"2025-10-16T21:52:55","slug":"aumentaran-precios-de-compras-en-linea-por-reforma-fiscal","status":"publish","type":"post","link":"https:\/\/trabucoradio.com\/home\/?p=5241","title":{"rendered":"AUMENTAR\u00c1N PRECIOS DE COMPRAS EN L\u00cdNEA POR REFORMA FISCAL"},"content":{"rendered":"<p><strong>AUMENTAR\u00c1N PRECIOS DE COMPRAS EN L\u00cdNEA POR REFORMA FISCAL<\/strong><\/p>\n<p>En la\u00a0<strong>C\u00e1mara de Diputados<\/strong>\u00a0se discute la propuesta de la\u00a0<strong>Reforma Fiscal 2026<\/strong>\u00a0que busca el aumento de\u00a0<strong>retenciones fiscales<\/strong>\u00a0sobre los ingresos brutos de las personas morales que venden a trav\u00e9s de\u00a0<strong>plataformas en l\u00ednea<\/strong>.<\/p>\n<p>Esta iniciativa ha provocado la preocupaci\u00f3n entre las\u00a0<strong>PyMEs<\/strong>\u00a0(Peque\u00f1as y Medianas Empresas) que operan en estas plataformas, as\u00ed como en los compradores por el\u00a0<strong>aumento de precios<\/strong>\u00a0que podr\u00eda darse en las pr\u00f3ximas semanas.<\/p>\n<p>La propuesta contempla establecer un 2.5% de\u00a0<strong>Impuesto Sobre la Renta<\/strong>\u00a0(ISR) y un 8% de\u00a0<strong>Impuesto al Valor Agregado<\/strong>\u00a0(IVA) sobre los ingresos brutos de los vendedores de plataformas en l\u00ednea, lo que representa una tasa combinada del 10.5%, que podr\u00eda afectar gravemente la viabilidad de m\u00e1s de un mill\u00f3n de\u00a0<strong>unidades productivas en M\u00e9xico<\/strong>. Se tratar\u00eda de otro golpe a la econom\u00eda de los mexicanos debido a m\u00e1s aumento en los precios.<\/p>\n<p>Seg\u00fan David Geisen, country manager de\u00a0<strong>Mercado Libre<\/strong>, los\u00a0<strong>m\u00e1rgenes de ganancia<\/strong>\u00a0en el\u00a0<strong>comercio electr\u00f3nico<\/strong>\u00a0son reducidos, oscilando entre el 2% y el 5%, por lo que muchos de los costos ya incluyen\u00a0<strong>IVA<\/strong>. Con ello, una retenci\u00f3n del 10.5% sobre los ingresos brutos podr\u00eda dejar a los vendedores sin margen de utilidad, volviendo inviable la operaci\u00f3n de sus negocios.<\/p>\n","protected":false},"excerpt":{"rendered":"<p>AUMENTAR\u00c1N PRECIOS DE COMPRAS EN L\u00cdNEA POR REFORMA FISCAL En la\u00a0C\u00e1mara de Diputados\u00a0se discute la propuesta de la\u00a0Reforma Fiscal 2026\u00a0que busca el aumento de\u00a0retenciones fiscales\u00a0sobre los ingresos brutos de las personas morales que venden a trav\u00e9s de\u00a0plataformas en l\u00ednea. Esta iniciativa ha provocado la preocupaci\u00f3n entre las\u00a0PyMEs\u00a0(Peque\u00f1as y Medianas Empresas) que operan en estas plataformas, [&hellip;]<\/p>\n","protected":false},"author":1,"featured_media":5242,"comment_status":"open","ping_status":"open","sticky":false,"template":"","format":"standard","meta":{"footnotes":""},"categories":[6,4],"tags":[],"class_list":["post-5241","post","type-post","status-publish","format-standard","has-post-thumbnail","hentry","category-conoce","category-noticias"],"_links":{"self":[{"href":"https:\/\/trabucoradio.com\/home\/index.php?rest_route=\/wp\/v2\/posts\/5241","targetHints":{"allow":["GET"]}}],"collection":[{"href":"https:\/\/trabucoradio.com\/home\/index.php?rest_route=\/wp\/v2\/posts"}],"about":[{"href":"https:\/\/trabucoradio.com\/home\/index.php?rest_route=\/wp\/v2\/types\/post"}],"author":[{"embeddable":true,"href":"https:\/\/trabucoradio.com\/home\/index.php?rest_route=\/wp\/v2\/users\/1"}],"replies":[{"embeddable":true,"href":"https:\/\/trabucoradio.com\/home\/index.php?rest_route=%2Fwp%2Fv2%2Fcomments&post=5241"}],"version-history":[{"count":1,"href":"https:\/\/trabucoradio.com\/home\/index.php?rest_route=\/wp\/v2\/posts\/5241\/revisions"}],"predecessor-version":[{"id":5243,"href":"https:\/\/trabucoradio.com\/home\/index.php?rest_route=\/wp\/v2\/posts\/5241\/revisions\/5243"}],"wp:featuredmedia":[{"embeddable":true,"href":"https:\/\/trabucoradio.com\/home\/index.php?rest_route=\/wp\/v2\/media\/5242"}],"wp:attachment":[{"href":"https:\/\/trabucoradio.com\/home\/index.php?rest_route=%2Fwp%2Fv2%2Fmedia&parent=5241"}],"wp:term":[{"taxonomy":"category","embeddable":true,"href":"https:\/\/trabucoradio.com\/home\/index.php?rest_route=%2Fwp%2Fv2%2Fcategories&post=5241"},{"taxonomy":"post_tag","embeddable":true,"href":"https:\/\/trabucoradio.com\/home\/index.php?rest_route=%2Fwp%2Fv2%2Ftags&post=5241"}],"curies":[{"name":"wp","href":"https:\/\/api.w.org\/{rel}","templated":true}]}}