{"id":5238,"date":"2025-10-16T15:48:01","date_gmt":"2025-10-16T21:48:01","guid":{"rendered":"https:\/\/trabucoradio.com\/home\/?p=5238"},"modified":"2025-10-16T15:48:01","modified_gmt":"2025-10-16T21:48:01","slug":"rechaza-guillermo-narvaez-que-vaya-a-renunciar-a-rectoria-de-la-ujat","status":"publish","type":"post","link":"https:\/\/trabucoradio.com\/home\/?p=5238","title":{"rendered":"RECHAZA GUILLERMO NARV\u00c1EZ QUE VAYA A RENUNCIAR A RECTOR\u00cdA DE LA UJAT"},"content":{"rendered":"<p><strong>RECHAZA GUILLERMO NARV\u00c1EZ QUE VAYA A RENUNCIAR A RECTOR\u00cdA DE LA UJAT<\/strong><\/p>\n<p>El rector de la Universidad Ju\u00e1rez Aut\u00f3noma de Tabasco (<strong>UJAT<\/strong>), Guillermo Narv\u00e1ez Osorio, descart\u00f3 que vaya a renunciar al cargo por los se\u00f1alamientos contra su notar\u00eda p\u00fablica.<\/p>\n<p>Esto luego que el diputado federal del\u00a0<strong>Partido Revolucionario Institucional (PRI), E<\/strong>rubiel Alonso Que exigiera su destituci\u00f3n para que pueda responder las acusaciones ante la autoridad, Narv\u00e1ez Osorio, dijo que el priista puede expresar lo que quiera, pero de su parte no tendr\u00e1 una respuesta.<\/p>\n<p><strong>Narv\u00e1ez<\/strong>\u00a0<strong>Osorio<\/strong>, insisti\u00f3 que los se\u00f1alamientos hechos por el empresario y testigo protegido identificado como &#8216;RMA&#8217; de que su notar\u00eda habr\u00eda sido obligado a ceder propiedades al crimen son falsas y que lo que se busca es \u00abenlodar\u00bb a la universidad y a su empresa familiar<\/p>\n<p>\u00abNo, no lo escucho, la verdad hay personas a las que no escucho, entonces no tengo respuestas para \u00e9l. Que diga lo que considere, puede decir lo que \u00e9l quiera y no va a escuchar de mi parte ninguna respuesta\u00bb, manifest\u00f3 el\u00a0<strong>rector<\/strong>.<\/p>\n<p>Resalt\u00f3 que mientras la Junta de Gobierno y los j\u00f3venes est\u00e9n trabajando a gusto no ve ning\u00fan problema para continuar al frente de la\u00a0<strong>UJAT<\/strong>.<\/p>\n","protected":false},"excerpt":{"rendered":"<p>RECHAZA GUILLERMO NARV\u00c1EZ QUE VAYA A RENUNCIAR A RECTOR\u00cdA DE LA UJAT El rector de la Universidad Ju\u00e1rez Aut\u00f3noma de Tabasco (UJAT), Guillermo Narv\u00e1ez Osorio, descart\u00f3 que vaya a renunciar al cargo por los se\u00f1alamientos contra su notar\u00eda p\u00fablica. Esto luego que el diputado federal del\u00a0Partido Revolucionario Institucional (PRI), Erubiel Alonso Que exigiera su destituci\u00f3n [&hellip;]<\/p>\n","protected":false},"author":1,"featured_media":5239,"comment_status":"open","ping_status":"open","sticky":false,"template":"","format":"standard","meta":{"footnotes":""},"categories":[4],"tags":[],"class_list":["post-5238","post","type-post","status-publish","format-standard","has-post-thumbnail","hentry","category-noticias"],"_links":{"self":[{"href":"https:\/\/trabucoradio.com\/home\/index.php?rest_route=\/wp\/v2\/posts\/5238","targetHints":{"allow":["GET"]}}],"collection":[{"href":"https:\/\/trabucoradio.com\/home\/index.php?rest_route=\/wp\/v2\/posts"}],"about":[{"href":"https:\/\/trabucoradio.com\/home\/index.php?rest_route=\/wp\/v2\/types\/post"}],"author":[{"embeddable":true,"href":"https:\/\/trabucoradio.com\/home\/index.php?rest_route=\/wp\/v2\/users\/1"}],"replies":[{"embeddable":true,"href":"https:\/\/trabucoradio.com\/home\/index.php?rest_route=%2Fwp%2Fv2%2Fcomments&post=5238"}],"version-history":[{"count":1,"href":"https:\/\/trabucoradio.com\/home\/index.php?rest_route=\/wp\/v2\/posts\/5238\/revisions"}],"predecessor-version":[{"id":5240,"href":"https:\/\/trabucoradio.com\/home\/index.php?rest_route=\/wp\/v2\/posts\/5238\/revisions\/5240"}],"wp:featuredmedia":[{"embeddable":true,"href":"https:\/\/trabucoradio.com\/home\/index.php?rest_route=\/wp\/v2\/media\/5239"}],"wp:attachment":[{"href":"https:\/\/trabucoradio.com\/home\/index.php?rest_route=%2Fwp%2Fv2%2Fmedia&parent=5238"}],"wp:term":[{"taxonomy":"category","embeddable":true,"href":"https:\/\/trabucoradio.com\/home\/index.php?rest_route=%2Fwp%2Fv2%2Fcategories&post=5238"},{"taxonomy":"post_tag","embeddable":true,"href":"https:\/\/trabucoradio.com\/home\/index.php?rest_route=%2Fwp%2Fv2%2Ftags&post=5238"}],"curies":[{"name":"wp","href":"https:\/\/api.w.org\/{rel}","templated":true}]}}