{"id":5227,"date":"2025-10-14T10:10:30","date_gmt":"2025-10-14T16:10:30","guid":{"rendered":"https:\/\/trabucoradio.com\/home\/?p=5227"},"modified":"2025-10-14T10:10:30","modified_gmt":"2025-10-14T16:10:30","slug":"tabasco-envia-apoyo-a-veracruz","status":"publish","type":"post","link":"https:\/\/trabucoradio.com\/home\/?p=5227","title":{"rendered":"TABASCO ENV\u00cdA APOYO A VERACRUZ"},"content":{"rendered":"<p><strong>TABASCO ENV\u00cdA APOYO A VERACRUZ<\/strong><\/p>\n<p>El gobernador de Tabasco, <span class=\"html-span xdj266r x14z9mp xat24cr x1lziwak xexx8yu xyri2b x18d9i69 x1c1uobl x1hl2dhg x16tdsg8 x1vvkbs\"><a class=\"x1i10hfl xjbqb8w x1ejq31n x18oe1m7 x1sy0etr xstzfhl x972fbf x10w94by x1qhh985 x14e42zd x9f619 x1ypdohk xt0psk2 x3ct3a4 xdj266r x14z9mp xat24cr x1lziwak xexx8yu xyri2b x18d9i69 x1c1uobl x16tdsg8 x1hl2dhg xggy1nq x1a2a7pz xkrqix3 x1sur9pj x1fey0fg x1s688f\" tabindex=\"0\" role=\"link\" href=\"https:\/\/www.facebook.com\/TabascoJavier?__cft__[0]=AZUGAxiuhoigeVPBy3VylSvlk3-jg212WwtOQgBFNoB0IgFBzgnVCPVf6V96AdBUTKWeMPGzneavH2ID8T1gqwn6DLndsW85vUcQ6nZS2z8C-KQXvvLGMJVbSfVjEhRQvSOBb1G5fGCNo4ilpBsXjJ04MGLFCRO2tR4nJJxLahWTWQ&amp;__tn__=-]K-R\"><span class=\"xt0psk2\"><span class=\"xjp7ctv\">Javier May Rodr\u00edguez<\/span><\/span><\/a><\/span>, inform\u00f3 que la noche de ayer partieron 30 toneladas de ayuda humanitaria con destino al estado de Veracruz, donde cientos de familias atraviesan una dif\u00edcil contingencia derivada de las recientes inundaciones.<\/p>\n<p>El mandatario destac\u00f3 que este apoyo representa la solidaridad del pueblo tabasque\u00f1o con sus hermanas y hermanos veracruzanos, e invit\u00f3 nuevamente a la ciudadan\u00eda a continuar sum\u00e1ndose a esta causa mediante los centros de acopio instalados en el Centro Cultural Quinta Grijalva y el Sal\u00f3n Alas, ambos ubicados en la ciudad de Villahermosa.<\/p>\n<p>&nbsp;<\/p>\n<p>&nbsp;<\/p>\n","protected":false},"excerpt":{"rendered":"<p>TABASCO ENV\u00cdA APOYO A VERACRUZ El gobernador de Tabasco, Javier May Rodr\u00edguez, inform\u00f3 que la noche de ayer partieron 30 toneladas de ayuda humanitaria con destino al estado de Veracruz, donde cientos de familias atraviesan una dif\u00edcil contingencia derivada de las recientes inundaciones. El mandatario destac\u00f3 que este apoyo representa la solidaridad del pueblo tabasque\u00f1o [&hellip;]<\/p>\n","protected":false},"author":1,"featured_media":5228,"comment_status":"open","ping_status":"open","sticky":false,"template":"","format":"standard","meta":{"footnotes":""},"categories":[4],"tags":[],"class_list":["post-5227","post","type-post","status-publish","format-standard","has-post-thumbnail","hentry","category-noticias"],"_links":{"self":[{"href":"https:\/\/trabucoradio.com\/home\/index.php?rest_route=\/wp\/v2\/posts\/5227","targetHints":{"allow":["GET"]}}],"collection":[{"href":"https:\/\/trabucoradio.com\/home\/index.php?rest_route=\/wp\/v2\/posts"}],"about":[{"href":"https:\/\/trabucoradio.com\/home\/index.php?rest_route=\/wp\/v2\/types\/post"}],"author":[{"embeddable":true,"href":"https:\/\/trabucoradio.com\/home\/index.php?rest_route=\/wp\/v2\/users\/1"}],"replies":[{"embeddable":true,"href":"https:\/\/trabucoradio.com\/home\/index.php?rest_route=%2Fwp%2Fv2%2Fcomments&post=5227"}],"version-history":[{"count":1,"href":"https:\/\/trabucoradio.com\/home\/index.php?rest_route=\/wp\/v2\/posts\/5227\/revisions"}],"predecessor-version":[{"id":5229,"href":"https:\/\/trabucoradio.com\/home\/index.php?rest_route=\/wp\/v2\/posts\/5227\/revisions\/5229"}],"wp:featuredmedia":[{"embeddable":true,"href":"https:\/\/trabucoradio.com\/home\/index.php?rest_route=\/wp\/v2\/media\/5228"}],"wp:attachment":[{"href":"https:\/\/trabucoradio.com\/home\/index.php?rest_route=%2Fwp%2Fv2%2Fmedia&parent=5227"}],"wp:term":[{"taxonomy":"category","embeddable":true,"href":"https:\/\/trabucoradio.com\/home\/index.php?rest_route=%2Fwp%2Fv2%2Fcategories&post=5227"},{"taxonomy":"post_tag","embeddable":true,"href":"https:\/\/trabucoradio.com\/home\/index.php?rest_route=%2Fwp%2Fv2%2Ftags&post=5227"}],"curies":[{"name":"wp","href":"https:\/\/api.w.org\/{rel}","templated":true}]}}