{"id":5221,"date":"2025-10-14T10:02:52","date_gmt":"2025-10-14T16:02:52","guid":{"rendered":"https:\/\/trabucoradio.com\/home\/?p=5221"},"modified":"2025-10-14T10:02:52","modified_gmt":"2025-10-14T16:02:52","slug":"comunidad-de-hidalgo-lanza-sos-para-pedir-ayuda-tras-quedar-incomunicada-por-lluvias","status":"publish","type":"post","link":"https:\/\/trabucoradio.com\/home\/?p=5221","title":{"rendered":"COMUNIDAD DE HIDALGO LANZA \u00abSOS\u00bb PARA PEDIR AYUDA TRAS QUEDAR INCOMUNICADA POR LLUVIAS"},"content":{"rendered":"<p><strong>COMUNIDAD DE HIDALGO LANZA \u00abSOS\u00bb PARA PEDIR AYUDA TRAS QUEDAR INCOMUNICADA POR LLUVIAS<\/strong><\/p>\n<p>Sobre un terreno visible desde la distancia, pobladores de la comunidad\u00a0<strong>La Esperanza N\u00famero 1<\/strong>, en\u00a0<strong>Huehuetla<\/strong>,\u00a0<strong>Hidalgo<\/strong>, pintaron la leyenda de auxilio \u201c<strong>SOS<\/strong>\u201d, solicitando v\u00edveres, agua, electricidad y medios de comunicaci\u00f3n, pues carecen de estos servicios y est\u00e1n\u00a0<strong>incomunicados<\/strong>\u00a0debido a las lluvias registradas la semana pasada.<\/p>\n<p>Los residentes del lugar, tanto ni\u00f1os, adultos y maestros, permanecen\u00a0<strong>aislados<\/strong>, sin contacto con el exterior y sin haber recibido ning\u00fan tipo de asistencia. Un familiar de los afectados asegur\u00f3 que tambi\u00e9n enfrentan una alarmante\u00a0<strong>escasez de medicamentos<\/strong>, lo que agrava a\u00fan m\u00e1s las condiciones de salud y supervivencia de los pobladores.<\/p>\n<p>Aunque el domingo se estableci\u00f3 un\u00a0<strong>puente a\u00e9reo<\/strong>\u00a0para llevar ayuda y medicamentos a las zonas afectadas de Hidalgo, la comunidad de La Esperanza sigue incomunicado y sin recibir apoyo. De igual forma, otras comunidades enteras permanecen aisladas, como Tlatzintla, San Antonio, Ixcatl\u00e1n, Itzquicuila y Temacuil, que carecen de alimentos y de luz el\u00e9ctrica.<\/p>\n","protected":false},"excerpt":{"rendered":"<p>COMUNIDAD DE HIDALGO LANZA \u00abSOS\u00bb PARA PEDIR AYUDA TRAS QUEDAR INCOMUNICADA POR LLUVIAS Sobre un terreno visible desde la distancia, pobladores de la comunidad\u00a0La Esperanza N\u00famero 1, en\u00a0Huehuetla,\u00a0Hidalgo, pintaron la leyenda de auxilio \u201cSOS\u201d, solicitando v\u00edveres, agua, electricidad y medios de comunicaci\u00f3n, pues carecen de estos servicios y est\u00e1n\u00a0incomunicados\u00a0debido a las lluvias registradas la semana [&hellip;]<\/p>\n","protected":false},"author":1,"featured_media":5222,"comment_status":"open","ping_status":"open","sticky":false,"template":"","format":"standard","meta":{"footnotes":""},"categories":[4],"tags":[],"class_list":["post-5221","post","type-post","status-publish","format-standard","has-post-thumbnail","hentry","category-noticias"],"_links":{"self":[{"href":"https:\/\/trabucoradio.com\/home\/index.php?rest_route=\/wp\/v2\/posts\/5221","targetHints":{"allow":["GET"]}}],"collection":[{"href":"https:\/\/trabucoradio.com\/home\/index.php?rest_route=\/wp\/v2\/posts"}],"about":[{"href":"https:\/\/trabucoradio.com\/home\/index.php?rest_route=\/wp\/v2\/types\/post"}],"author":[{"embeddable":true,"href":"https:\/\/trabucoradio.com\/home\/index.php?rest_route=\/wp\/v2\/users\/1"}],"replies":[{"embeddable":true,"href":"https:\/\/trabucoradio.com\/home\/index.php?rest_route=%2Fwp%2Fv2%2Fcomments&post=5221"}],"version-history":[{"count":1,"href":"https:\/\/trabucoradio.com\/home\/index.php?rest_route=\/wp\/v2\/posts\/5221\/revisions"}],"predecessor-version":[{"id":5223,"href":"https:\/\/trabucoradio.com\/home\/index.php?rest_route=\/wp\/v2\/posts\/5221\/revisions\/5223"}],"wp:featuredmedia":[{"embeddable":true,"href":"https:\/\/trabucoradio.com\/home\/index.php?rest_route=\/wp\/v2\/media\/5222"}],"wp:attachment":[{"href":"https:\/\/trabucoradio.com\/home\/index.php?rest_route=%2Fwp%2Fv2%2Fmedia&parent=5221"}],"wp:term":[{"taxonomy":"category","embeddable":true,"href":"https:\/\/trabucoradio.com\/home\/index.php?rest_route=%2Fwp%2Fv2%2Fcategories&post=5221"},{"taxonomy":"post_tag","embeddable":true,"href":"https:\/\/trabucoradio.com\/home\/index.php?rest_route=%2Fwp%2Fv2%2Ftags&post=5221"}],"curies":[{"name":"wp","href":"https:\/\/api.w.org\/{rel}","templated":true}]}}