{"id":5215,"date":"2025-10-14T09:57:23","date_gmt":"2025-10-14T15:57:23","guid":{"rendered":"https:\/\/trabucoradio.com\/home\/?p=5215"},"modified":"2025-10-14T09:57:23","modified_gmt":"2025-10-14T15:57:23","slug":"reforzaran-atencion-para-jovenes-tras-detencion-del-nino-sicario-en-tabasco","status":"publish","type":"post","link":"https:\/\/trabucoradio.com\/home\/?p=5215","title":{"rendered":"REFORZAR\u00c1N ATENCI\u00d3N PARA J\u00d3VENES TRAS DETENCI\u00d3N DEL &#8216;NI\u00d1O SICARIO&#8217; EN TABASCO"},"content":{"rendered":"<p><strong>REFORZAR\u00c1N ATENCI\u00d3N PARA J\u00d3VENES TRAS DETENCI\u00d3N DEL &#8216;NI\u00d1O SICARIO&#8217; EN TABASCO<\/strong><\/p>\n<p>La presidenta\u00a0<strong>Claudia Sheinbaum<\/strong>\u00a0anunci\u00f3 que el pr\u00f3ximo a\u00f1o se implementar\u00e1n medidas para atender a los j\u00f3venes que cometen delitos, as\u00ed como a aquellos que est\u00e1n en riesgo de involucrarse a la delincuencia, esto tras la detenci\u00f3n de un menor, apodado como \u2018El Ni\u00f1o Sicario\u2019, de apenas 15 a\u00f1os, en Villahermosa, Tabasco.<\/p>\n<p>Al ser cuestionada sobre esta detenci\u00f3n, que se realiz\u00f3 en la rancher\u00eda\u00a0<strong>Corregidora Quinta Secci\u00f3n<\/strong>\u00a0del municipio de Centro, Sheinbaum record\u00f3 que dentro de la estrategia de\u00a0<strong>atenci\u00f3n a las causas<\/strong>\u00a0se tiene un programa que se llama \u2018Reconecta con la paz\u2019. Indic\u00f3 que los j\u00f3venes que delinquen por primera vez se les dan la opci\u00f3n, en coordinaci\u00f3n con los\u00a0<strong>tribunales estatales<\/strong>, de \u201cllevar en libertad un programa especial que les permite reorientar su vida y poder reincorporarse\u201d.<\/p>\n<p>Adelant\u00f3 que su gobierno implementar\u00e1 dos programas m\u00e1s para los j\u00f3venes el pr\u00f3ximo 2026: uno consistir\u00e1 en\u00a0<strong>becas<\/strong>\u00a0para quienes que viven en municipios de alto riesgo, con el fin de acercarlos a actividades deportivas, culturales y de atenci\u00f3n comunitaria. El otro programa ser\u00e1 la construcci\u00f3n de 100 Centros Comunitarios de Alto rendimiento para que los j\u00f3venes puedan realizar actividades deportivas a\u00a0trav\u00e9s de jornadas establecidas.<\/p>\n<p>Cabe recordar que elementos de la\u00a0<strong>FIRT Olmeca<\/strong>\u00a0detuvieron el domingo por la madrugada a dos personas armadas, las cuales ser\u00edan integrantes de una banda criminal dedicada al\u00a0<strong>narcotrafico<\/strong>\u00a0y al\u00a0<strong>secuestro<\/strong>. Entre los detenidos se encentraba \u2018El Ni\u00f1o Sicario\u2019, quien portaba un arma y varias dosis de sustancias prohibidas.<\/p>\n","protected":false},"excerpt":{"rendered":"<p>REFORZAR\u00c1N ATENCI\u00d3N PARA J\u00d3VENES TRAS DETENCI\u00d3N DEL &#8216;NI\u00d1O SICARIO&#8217; EN TABASCO La presidenta\u00a0Claudia Sheinbaum\u00a0anunci\u00f3 que el pr\u00f3ximo a\u00f1o se implementar\u00e1n medidas para atender a los j\u00f3venes que cometen delitos, as\u00ed como a aquellos que est\u00e1n en riesgo de involucrarse a la delincuencia, esto tras la detenci\u00f3n de un menor, apodado como \u2018El Ni\u00f1o Sicario\u2019, de [&hellip;]<\/p>\n","protected":false},"author":1,"featured_media":5216,"comment_status":"open","ping_status":"open","sticky":false,"template":"","format":"standard","meta":{"footnotes":""},"categories":[4],"tags":[],"class_list":["post-5215","post","type-post","status-publish","format-standard","has-post-thumbnail","hentry","category-noticias"],"_links":{"self":[{"href":"https:\/\/trabucoradio.com\/home\/index.php?rest_route=\/wp\/v2\/posts\/5215","targetHints":{"allow":["GET"]}}],"collection":[{"href":"https:\/\/trabucoradio.com\/home\/index.php?rest_route=\/wp\/v2\/posts"}],"about":[{"href":"https:\/\/trabucoradio.com\/home\/index.php?rest_route=\/wp\/v2\/types\/post"}],"author":[{"embeddable":true,"href":"https:\/\/trabucoradio.com\/home\/index.php?rest_route=\/wp\/v2\/users\/1"}],"replies":[{"embeddable":true,"href":"https:\/\/trabucoradio.com\/home\/index.php?rest_route=%2Fwp%2Fv2%2Fcomments&post=5215"}],"version-history":[{"count":1,"href":"https:\/\/trabucoradio.com\/home\/index.php?rest_route=\/wp\/v2\/posts\/5215\/revisions"}],"predecessor-version":[{"id":5217,"href":"https:\/\/trabucoradio.com\/home\/index.php?rest_route=\/wp\/v2\/posts\/5215\/revisions\/5217"}],"wp:featuredmedia":[{"embeddable":true,"href":"https:\/\/trabucoradio.com\/home\/index.php?rest_route=\/wp\/v2\/media\/5216"}],"wp:attachment":[{"href":"https:\/\/trabucoradio.com\/home\/index.php?rest_route=%2Fwp%2Fv2%2Fmedia&parent=5215"}],"wp:term":[{"taxonomy":"category","embeddable":true,"href":"https:\/\/trabucoradio.com\/home\/index.php?rest_route=%2Fwp%2Fv2%2Fcategories&post=5215"},{"taxonomy":"post_tag","embeddable":true,"href":"https:\/\/trabucoradio.com\/home\/index.php?rest_route=%2Fwp%2Fv2%2Ftags&post=5215"}],"curies":[{"name":"wp","href":"https:\/\/api.w.org\/{rel}","templated":true}]}}