{"id":5212,"date":"2025-10-11T12:50:33","date_gmt":"2025-10-11T18:50:33","guid":{"rendered":"https:\/\/trabucoradio.com\/home\/?p=5212"},"modified":"2025-10-11T12:50:33","modified_gmt":"2025-10-11T18:50:33","slug":"huimanguillo-se-suma-a-la-gran-jornada-de-reforestacion-este-12-de-octubre","status":"publish","type":"post","link":"https:\/\/trabucoradio.com\/home\/?p=5212","title":{"rendered":"HUIMANGUILLO SE SUMA A LA GRAN JORNADA DE REFORESTACI\u00d3N ESTE 12 DE OCTUBRE"},"content":{"rendered":"<p><strong>HUIMANGUILLO SE SUMA A LA GRAN JORNADA DE REFORESTACI\u00d3N ESTE 12 DE OCTUBRE<\/strong><\/p>\n<p>El Gobierno Municipal de Huimanguillo, que encabeza <span class=\"html-span xdj266r x14z9mp xat24cr x1lziwak xexx8yu xyri2b x18d9i69 x1c1uobl x1hl2dhg x16tdsg8 x1vvkbs\"><a class=\"x1i10hfl xjbqb8w x1ejq31n x18oe1m7 x1sy0etr xstzfhl x972fbf x10w94by x1qhh985 x14e42zd x9f619 x1ypdohk xt0psk2 x3ct3a4 xdj266r x14z9mp xat24cr x1lziwak xexx8yu xyri2b x18d9i69 x1c1uobl x16tdsg8 x1hl2dhg xggy1nq x1a2a7pz xkrqix3 x1sur9pj x1fey0fg x1s688f\" tabindex=\"0\" role=\"link\" href=\"https:\/\/www.facebook.com\/MariluzVelJim?__cft__[0]=AZXj0FKRQrd9zCYPidRov1F26Dq_F1iNn67aRtIkNet7mXbuNQKItBTTgawiPQMAngYQT6m3xHxyUt0k66Oe7XCBBUxUKw3phO8IsHTzf5wGUZPNfoTZ1gFpTD770IYbrkspv-a_ViebS4YceJtTWjtZHWmZ0p0HELzgn2aWkGQlDlXQkppoCWtuDKGUKmppQqo&amp;__tn__=-]K-R\"><span class=\"xt0psk2\"><span class=\"xjp7ctv\">Mari Luz Vel\u00e1zquez Jim\u00e9nez<\/span><\/span><\/a><\/span>, anunci\u00f3 su participaci\u00f3n en la gran Jornada de Reforestaci\u00f3n que se llevar\u00e1 a cabo este 12 de octubre, con el compromiso de seguir construyendo un municipio m\u00e1s verde y sustentable.<\/p>\n<p>\u201cCada \u00e1rbol que plantemos ser\u00e1 una herencia de vida y esperanza para nuestras hijas e hijos\u201d, expres\u00f3 la presidenta municipal, al reiterar que estas acciones reflejan el compromiso de su administraci\u00f3n con el cuidado del medio ambiente y el bienestar de las futuras generaciones.<\/p>\n<p>&nbsp;<\/p>\n<p>&nbsp;<\/p>\n<p>&nbsp;<\/p>\n","protected":false},"excerpt":{"rendered":"<p>HUIMANGUILLO SE SUMA A LA GRAN JORNADA DE REFORESTACI\u00d3N ESTE 12 DE OCTUBRE El Gobierno Municipal de Huimanguillo, que encabeza Mari Luz Vel\u00e1zquez Jim\u00e9nez, anunci\u00f3 su participaci\u00f3n en la gran Jornada de Reforestaci\u00f3n que se llevar\u00e1 a cabo este 12 de octubre, con el compromiso de seguir construyendo un municipio m\u00e1s verde y sustentable. \u201cCada [&hellip;]<\/p>\n","protected":false},"author":1,"featured_media":5213,"comment_status":"open","ping_status":"open","sticky":false,"template":"","format":"standard","meta":{"footnotes":""},"categories":[4],"tags":[],"class_list":["post-5212","post","type-post","status-publish","format-standard","has-post-thumbnail","hentry","category-noticias"],"_links":{"self":[{"href":"https:\/\/trabucoradio.com\/home\/index.php?rest_route=\/wp\/v2\/posts\/5212","targetHints":{"allow":["GET"]}}],"collection":[{"href":"https:\/\/trabucoradio.com\/home\/index.php?rest_route=\/wp\/v2\/posts"}],"about":[{"href":"https:\/\/trabucoradio.com\/home\/index.php?rest_route=\/wp\/v2\/types\/post"}],"author":[{"embeddable":true,"href":"https:\/\/trabucoradio.com\/home\/index.php?rest_route=\/wp\/v2\/users\/1"}],"replies":[{"embeddable":true,"href":"https:\/\/trabucoradio.com\/home\/index.php?rest_route=%2Fwp%2Fv2%2Fcomments&post=5212"}],"version-history":[{"count":1,"href":"https:\/\/trabucoradio.com\/home\/index.php?rest_route=\/wp\/v2\/posts\/5212\/revisions"}],"predecessor-version":[{"id":5214,"href":"https:\/\/trabucoradio.com\/home\/index.php?rest_route=\/wp\/v2\/posts\/5212\/revisions\/5214"}],"wp:featuredmedia":[{"embeddable":true,"href":"https:\/\/trabucoradio.com\/home\/index.php?rest_route=\/wp\/v2\/media\/5213"}],"wp:attachment":[{"href":"https:\/\/trabucoradio.com\/home\/index.php?rest_route=%2Fwp%2Fv2%2Fmedia&parent=5212"}],"wp:term":[{"taxonomy":"category","embeddable":true,"href":"https:\/\/trabucoradio.com\/home\/index.php?rest_route=%2Fwp%2Fv2%2Fcategories&post=5212"},{"taxonomy":"post_tag","embeddable":true,"href":"https:\/\/trabucoradio.com\/home\/index.php?rest_route=%2Fwp%2Fv2%2Ftags&post=5212"}],"curies":[{"name":"wp","href":"https:\/\/api.w.org\/{rel}","templated":true}]}}