{"id":5202,"date":"2025-10-11T12:32:27","date_gmt":"2025-10-11T18:32:27","guid":{"rendered":"https:\/\/trabucoradio.com\/home\/?p=5202"},"modified":"2025-10-11T12:32:27","modified_gmt":"2025-10-11T18:32:27","slug":"sheinbaum-a-nadie-dejaremos-desamparado-y-anuncia-censos-para-afectados-por-las-fuertes-lluvias","status":"publish","type":"post","link":"https:\/\/trabucoradio.com\/home\/?p=5202","title":{"rendered":"SHEINBAUM: &#8216;A NADIE DEJAREMOS DESAMPARADO&#8217; Y ANUNCIA CENSOS PARA AFECTADOS POR LAS FUERTES LLUVIAS"},"content":{"rendered":"<p><strong>SHEINBAUM: &#8216;A NADIE DEJAREMOS DESAMPARADO&#8217; Y ANUNCIA CENSOS PARA AFECTADOS POR LAS FUERTES LLUVIAS<\/strong><\/p>\n<p>La presidenta de M\u00e9xico,\u00a0<strong>Claudia Sheinbaum Pardo<\/strong>, asegur\u00f3 que su gobierno\u00a0<strong>\u201ca nadie dejara desamparado\u201d,<\/strong>\u00a0tras las afectaciones que dejaron las lluvias torrenciales registradas recientemente.<\/p>\n<p>En sus redes sociales, Sheinbaum Pardo, inform\u00f3 que a las 12:30 sostendr\u00e1 una reuni\u00f3n virtual con integrantes del Consejo Nacional de Protecci\u00f3n Civil para<strong>\u00a0evaluar los avances en la atenci\u00f3n a la poblaci\u00f3n en los estados de Veracruz, Hidalgo, Puebla, San Luis Potos\u00ed y Quer\u00e9taro.<\/strong><\/p>\n<p>Y agreg\u00f3 que una vez que se atienda la emergencia, iniciar\u00e1n los censos,\u00a0<strong>por parte de la Secretar\u00eda del Bienestar, para el apoyo a la poblaci\u00f3n.<\/strong><\/p>\n<p><strong>&#8216;A nadie dejaremos desamparado; atendemos a las familias que perdieron a un ser querido&#8217;<\/strong>, indic\u00f3.<\/p>\n<p>Por \u00faltimo<strong>, la presidenta afirm\u00f3 que se sigue trabajando en las medidas preventivas por la tormenta tropical Raymond en el Pac\u00edfico.<\/strong><\/p>\n","protected":false},"excerpt":{"rendered":"<p>SHEINBAUM: &#8216;A NADIE DEJAREMOS DESAMPARADO&#8217; Y ANUNCIA CENSOS PARA AFECTADOS POR LAS FUERTES LLUVIAS La presidenta de M\u00e9xico,\u00a0Claudia Sheinbaum Pardo, asegur\u00f3 que su gobierno\u00a0\u201ca nadie dejara desamparado\u201d,\u00a0tras las afectaciones que dejaron las lluvias torrenciales registradas recientemente. En sus redes sociales, Sheinbaum Pardo, inform\u00f3 que a las 12:30 sostendr\u00e1 una reuni\u00f3n virtual con integrantes del Consejo [&hellip;]<\/p>\n","protected":false},"author":1,"featured_media":5203,"comment_status":"open","ping_status":"open","sticky":false,"template":"","format":"standard","meta":{"footnotes":""},"categories":[4],"tags":[],"class_list":["post-5202","post","type-post","status-publish","format-standard","has-post-thumbnail","hentry","category-noticias"],"_links":{"self":[{"href":"https:\/\/trabucoradio.com\/home\/index.php?rest_route=\/wp\/v2\/posts\/5202","targetHints":{"allow":["GET"]}}],"collection":[{"href":"https:\/\/trabucoradio.com\/home\/index.php?rest_route=\/wp\/v2\/posts"}],"about":[{"href":"https:\/\/trabucoradio.com\/home\/index.php?rest_route=\/wp\/v2\/types\/post"}],"author":[{"embeddable":true,"href":"https:\/\/trabucoradio.com\/home\/index.php?rest_route=\/wp\/v2\/users\/1"}],"replies":[{"embeddable":true,"href":"https:\/\/trabucoradio.com\/home\/index.php?rest_route=%2Fwp%2Fv2%2Fcomments&post=5202"}],"version-history":[{"count":1,"href":"https:\/\/trabucoradio.com\/home\/index.php?rest_route=\/wp\/v2\/posts\/5202\/revisions"}],"predecessor-version":[{"id":5204,"href":"https:\/\/trabucoradio.com\/home\/index.php?rest_route=\/wp\/v2\/posts\/5202\/revisions\/5204"}],"wp:featuredmedia":[{"embeddable":true,"href":"https:\/\/trabucoradio.com\/home\/index.php?rest_route=\/wp\/v2\/media\/5203"}],"wp:attachment":[{"href":"https:\/\/trabucoradio.com\/home\/index.php?rest_route=%2Fwp%2Fv2%2Fmedia&parent=5202"}],"wp:term":[{"taxonomy":"category","embeddable":true,"href":"https:\/\/trabucoradio.com\/home\/index.php?rest_route=%2Fwp%2Fv2%2Fcategories&post=5202"},{"taxonomy":"post_tag","embeddable":true,"href":"https:\/\/trabucoradio.com\/home\/index.php?rest_route=%2Fwp%2Fv2%2Ftags&post=5202"}],"curies":[{"name":"wp","href":"https:\/\/api.w.org\/{rel}","templated":true}]}}