{"id":5199,"date":"2025-10-11T10:19:19","date_gmt":"2025-10-11T16:19:19","guid":{"rendered":"https:\/\/trabucoradio.com\/home\/?p=5199"},"modified":"2025-10-11T10:19:19","modified_gmt":"2025-10-11T16:19:19","slug":"aguinaldo-se-pagara-en-los-tiempos-que-marca-la-ley-destaca-ovidio-peralta","status":"publish","type":"post","link":"https:\/\/trabucoradio.com\/home\/?p=5199","title":{"rendered":"AGUINALDO SE PAGAR\u00c1 EN LOS TIEMPOS QUE MARCA LA LEY, DESTACA OVIDIO PERALTA"},"content":{"rendered":"<p><strong>AGUINALDO SE PAGAR\u00c1 EN LOS TIEMPOS QUE MARCA LA LEY, DESTACA OVIDIO PERALTA<\/strong><\/p>\n<p>Ovidio Peralta Su\u00e1rez , alcalde de Comalcalco se\u00f1al\u00f3 que el pago de aguinaldo a<strong>\u00a0trabajadores del Ayuntamiento<\/strong>\u00a0e har\u00e1 en los tiempos establecidos por la Ley, es decir, por lo que no habr\u00e1 adelanto como en el caso de los trabajadores del gobierno del estado, que recibir\u00e1n un adelanto de 20 d\u00edas.<\/p>\n<p>El alcalde Ovidio Peralta destac\u00f3 que la administraci\u00f3n municipal est\u00e1 lista para el pago de aguinaldo y prestaciones de fin de a\u00f1o a alrededor\u00a0<strong>de 2 mil 068 trabajadores al servicio del municipio, por lo que tiene finanzas sanas.<\/strong><\/p>\n<p>\u201cNo vamos a adelantar, vamos a cumplir cuando se tenga que cumplir, pero estamos listos para entregar a las compa\u00f1eras y\u00a0<strong>compa\u00f1eros servidores p\u00fablicos lo que les corresponde por su trabajo este a\u00f1o\u201d<\/strong>, puntualiz\u00f3.<\/p>\n<p>Indic\u00f3 que la Ley Federal del Trabajo establece como fecha m\u00e1xima el 20 de diciembre para el pago de esta prestaci\u00f3n, pero generalmente se hace en los primeros d\u00edas de diciembre.<\/p>\n","protected":false},"excerpt":{"rendered":"<p>AGUINALDO SE PAGAR\u00c1 EN LOS TIEMPOS QUE MARCA LA LEY, DESTACA OVIDIO PERALTA Ovidio Peralta Su\u00e1rez , alcalde de Comalcalco se\u00f1al\u00f3 que el pago de aguinaldo a\u00a0trabajadores del Ayuntamiento\u00a0e har\u00e1 en los tiempos establecidos por la Ley, es decir, por lo que no habr\u00e1 adelanto como en el caso de los trabajadores del gobierno del [&hellip;]<\/p>\n","protected":false},"author":1,"featured_media":5200,"comment_status":"open","ping_status":"open","sticky":false,"template":"","format":"standard","meta":{"footnotes":""},"categories":[4,3],"tags":[],"class_list":["post-5199","post","type-post","status-publish","format-standard","has-post-thumbnail","hentry","category-noticias","category-politica"],"_links":{"self":[{"href":"https:\/\/trabucoradio.com\/home\/index.php?rest_route=\/wp\/v2\/posts\/5199","targetHints":{"allow":["GET"]}}],"collection":[{"href":"https:\/\/trabucoradio.com\/home\/index.php?rest_route=\/wp\/v2\/posts"}],"about":[{"href":"https:\/\/trabucoradio.com\/home\/index.php?rest_route=\/wp\/v2\/types\/post"}],"author":[{"embeddable":true,"href":"https:\/\/trabucoradio.com\/home\/index.php?rest_route=\/wp\/v2\/users\/1"}],"replies":[{"embeddable":true,"href":"https:\/\/trabucoradio.com\/home\/index.php?rest_route=%2Fwp%2Fv2%2Fcomments&post=5199"}],"version-history":[{"count":1,"href":"https:\/\/trabucoradio.com\/home\/index.php?rest_route=\/wp\/v2\/posts\/5199\/revisions"}],"predecessor-version":[{"id":5201,"href":"https:\/\/trabucoradio.com\/home\/index.php?rest_route=\/wp\/v2\/posts\/5199\/revisions\/5201"}],"wp:featuredmedia":[{"embeddable":true,"href":"https:\/\/trabucoradio.com\/home\/index.php?rest_route=\/wp\/v2\/media\/5200"}],"wp:attachment":[{"href":"https:\/\/trabucoradio.com\/home\/index.php?rest_route=%2Fwp%2Fv2%2Fmedia&parent=5199"}],"wp:term":[{"taxonomy":"category","embeddable":true,"href":"https:\/\/trabucoradio.com\/home\/index.php?rest_route=%2Fwp%2Fv2%2Fcategories&post=5199"},{"taxonomy":"post_tag","embeddable":true,"href":"https:\/\/trabucoradio.com\/home\/index.php?rest_route=%2Fwp%2Fv2%2Ftags&post=5199"}],"curies":[{"name":"wp","href":"https:\/\/api.w.org\/{rel}","templated":true}]}}