{"id":5190,"date":"2025-10-11T09:43:21","date_gmt":"2025-10-11T15:43:21","guid":{"rendered":"https:\/\/trabucoradio.com\/home\/?p=5190"},"modified":"2025-10-11T09:43:21","modified_gmt":"2025-10-11T15:43:21","slug":"javier-may-supervisa-obras-de-proteccion-en-rios-samaria-y-grijalva","status":"publish","type":"post","link":"https:\/\/trabucoradio.com\/home\/?p=5190","title":{"rendered":"JAVIER MAY SUPERVISA OBRAS DE PROTECCI\u00d3N EN R\u00cdOS SAMARIA Y GRIJALVA"},"content":{"rendered":"<p><strong>JAVIER MAY SUPERVISA OBRAS DE PROTECCI\u00d3N EN R\u00cdOS SAMARIA Y GRIJALVA<\/strong><\/p>\n<p align=\"justify\">El gobernador de Tabasco,\u00a0<strong>Javier May Rodr\u00edguez<\/strong>, dio a conocer que este viernes\u00a0<strong>se realiz\u00f3 una inspecci\u00f3n a las obras de protecci\u00f3n en las m\u00e1rgenes derecha de los r\u00edos Samaria y Grijalva<\/strong>; estuvo acompa\u00f1ado por el director general de la Comisi\u00f3n Nacional del Agua (Conagua), Efra\u00edn Morales L\u00f3pez.<\/p>\n<p align=\"justify\">A trav\u00e9s de las redes sociales,<strong>\u00a0May Rodr\u00edguez comparti\u00f3 que revisaron los avances en la margen derecha del r\u00edo Samaria, con el objetivo de reducir el impacto de futuras inundaciones y proteger a las familias que habitan la zona.<\/strong><\/p>\n<p align=\"justify\">Igual destac\u00f3 la importancia de estas acciones preventivas y agradeci\u00f3 el apoyo de la presidenta de M\u00e9xico,\u00a0<strong>Claudia Sheinbaum Pardo, para fortalecer la infraestructura hidr\u00e1ulica del estado.<\/strong><\/p>\n<p align=\"justify\">Horas m\u00e1s tarde, las autoridades inspeccionaron el bordo de protecci\u00f3n de la margen derecha del r\u00edo Grijalva, en la colonia Gaviotas.\u00a0<strong>El gobernador de Tabasco detall\u00f3 que Gobierno federal y estatal trabajan de manera conjunta para explorar soluciones que mitiguen riesgos ante la temporada de ciclones tropicales y frentes fr\u00edos, priorizando la seguridad de la poblaci\u00f3n.<\/strong><\/p>\n<p align=\"justify\">Por \u00faltimo, reiteraron su compromiso de reforzar la prevenci\u00f3n y mejorar la capacidad de respuesta ante posibles inundaciones,\u00a0<strong>asegurando la protecci\u00f3n de ciudadanos y bienes en Tabasco.\u00a0<\/strong><\/p>\n","protected":false},"excerpt":{"rendered":"<p>JAVIER MAY SUPERVISA OBRAS DE PROTECCI\u00d3N EN R\u00cdOS SAMARIA Y GRIJALVA El gobernador de Tabasco,\u00a0Javier May Rodr\u00edguez, dio a conocer que este viernes\u00a0se realiz\u00f3 una inspecci\u00f3n a las obras de protecci\u00f3n en las m\u00e1rgenes derecha de los r\u00edos Samaria y Grijalva; estuvo acompa\u00f1ado por el director general de la Comisi\u00f3n Nacional del Agua (Conagua), Efra\u00edn [&hellip;]<\/p>\n","protected":false},"author":1,"featured_media":5191,"comment_status":"open","ping_status":"open","sticky":false,"template":"","format":"standard","meta":{"footnotes":""},"categories":[4],"tags":[],"class_list":["post-5190","post","type-post","status-publish","format-standard","has-post-thumbnail","hentry","category-noticias"],"_links":{"self":[{"href":"https:\/\/trabucoradio.com\/home\/index.php?rest_route=\/wp\/v2\/posts\/5190","targetHints":{"allow":["GET"]}}],"collection":[{"href":"https:\/\/trabucoradio.com\/home\/index.php?rest_route=\/wp\/v2\/posts"}],"about":[{"href":"https:\/\/trabucoradio.com\/home\/index.php?rest_route=\/wp\/v2\/types\/post"}],"author":[{"embeddable":true,"href":"https:\/\/trabucoradio.com\/home\/index.php?rest_route=\/wp\/v2\/users\/1"}],"replies":[{"embeddable":true,"href":"https:\/\/trabucoradio.com\/home\/index.php?rest_route=%2Fwp%2Fv2%2Fcomments&post=5190"}],"version-history":[{"count":1,"href":"https:\/\/trabucoradio.com\/home\/index.php?rest_route=\/wp\/v2\/posts\/5190\/revisions"}],"predecessor-version":[{"id":5192,"href":"https:\/\/trabucoradio.com\/home\/index.php?rest_route=\/wp\/v2\/posts\/5190\/revisions\/5192"}],"wp:featuredmedia":[{"embeddable":true,"href":"https:\/\/trabucoradio.com\/home\/index.php?rest_route=\/wp\/v2\/media\/5191"}],"wp:attachment":[{"href":"https:\/\/trabucoradio.com\/home\/index.php?rest_route=%2Fwp%2Fv2%2Fmedia&parent=5190"}],"wp:term":[{"taxonomy":"category","embeddable":true,"href":"https:\/\/trabucoradio.com\/home\/index.php?rest_route=%2Fwp%2Fv2%2Fcategories&post=5190"},{"taxonomy":"post_tag","embeddable":true,"href":"https:\/\/trabucoradio.com\/home\/index.php?rest_route=%2Fwp%2Fv2%2Ftags&post=5190"}],"curies":[{"name":"wp","href":"https:\/\/api.w.org\/{rel}","templated":true}]}}