{"id":5186,"date":"2025-10-09T16:06:13","date_gmt":"2025-10-09T22:06:13","guid":{"rendered":"https:\/\/trabucoradio.com\/home\/?p=5186"},"modified":"2025-10-09T16:06:13","modified_gmt":"2025-10-09T22:06:13","slug":"no-descarta-euclides-alejandro-integrarse-al-gobierno-del-estado-de-tabasco","status":"publish","type":"post","link":"https:\/\/trabucoradio.com\/home\/?p=5186","title":{"rendered":"NO DESCARTA EUCLIDES ALEJANDRO INTEGRARSE AL GOBIERNO DEL ESTADO DE TABASCO"},"content":{"rendered":"<p><strong>NO DESCARTA EUCLIDES ALEJANDRO INTEGRARSE AL GOBIERNO DEL ESTADO DE TABASCO<\/strong><\/p>\n<div class=\"x14z9mp xat24cr x1lziwak x1vvkbs xtlvy1s x126k92a\">\n<div dir=\"auto\">Ante las especulaciones sobre su posible llegada a la Secretar\u00eda de Gobierno de Tabasco, el presidente municipal de C\u00e1rdenas, <span class=\"html-span xdj266r x14z9mp xat24cr x1lziwak xexx8yu xyri2b x18d9i69 x1c1uobl x1hl2dhg x16tdsg8 x1vvkbs\"><a class=\"x1i10hfl xjbqb8w x1ejq31n x18oe1m7 x1sy0etr xstzfhl x972fbf x10w94by x1qhh985 x14e42zd x9f619 x1ypdohk xt0psk2 x3ct3a4 xdj266r x14z9mp xat24cr x1lziwak xexx8yu xyri2b x18d9i69 x1c1uobl x16tdsg8 x1hl2dhg xggy1nq x1a2a7pz xkrqix3 x1sur9pj x1fey0fg x1s688f\" tabindex=\"0\" role=\"link\" href=\"https:\/\/www.facebook.com\/EuclidesAlejandroA?__cft__[0]=AZV_n1KIcVMHiF3PlF7pAWMdpcCcgmar4jk-5oMC1I_-6jsYD1LiJEgVPUhj_x99efCzOgrRG4EC_0KXPCZJbOjB3a8gIIIyVXlIHUgCt1ThuXfTjUbuyWLh7fipL2P40KOSA1MlSQ80BuZ2RXG4_fJ8tDT-iHhqojMrTPONyOPEKA&amp;__tn__=-]K-R\"><span class=\"xt0psk2\"><span class=\"xjp7ctv\">Euclides Alejandro Alejandro<\/span><\/span><\/a><\/span>, afirm\u00f3 que \u201cser\u00eda un honor y lo analizar\u00eda\u201d. Durante una entrevista con Emmanuel Sibilla en la XEVT, el edil fue cuestionado sobre las versiones que apuntan a que podr\u00eda incorporarse al gabinete estatal en sustituci\u00f3n de Jos\u00e9 Ramiro L\u00f3pez Obrador.<\/div>\n<div dir=\"auto\"><\/div>\n<\/div>\n<div class=\"x14z9mp xat24cr x1lziwak x1vvkbs xtlvy1s x126k92a\">\n<div dir=\"auto\">El alcalde aclar\u00f3 que hasta el momento no ha recibido ninguna invitaci\u00f3n formal, aunque reconoci\u00f3 que mantiene una buena comunicaci\u00f3n con el gobernador Javier May Rodr\u00edguez. \u201cS\u00ed tenemos una buena comunicaci\u00f3n con el gobernador y tenemos su confianza por los resultados que hemos dado en C\u00e1rdenas. Yo le tengo amor a <span class=\"html-span xdj266r x14z9mp xat24cr x1lziwak xexx8yu xyri2b x18d9i69 x1c1uobl x1hl2dhg x16tdsg8 x1vvkbs\"><a class=\"x1i10hfl xjbqb8w x1ejq31n x18oe1m7 x1sy0etr xstzfhl x972fbf x10w94by x1qhh985 x14e42zd x9f619 x1ypdohk xt0psk2 x3ct3a4 xdj266r x14z9mp xat24cr x1lziwak xexx8yu xyri2b x18d9i69 x1c1uobl x16tdsg8 x1hl2dhg xggy1nq x1a2a7pz xkrqix3 x1sur9pj x1fey0fg x1s688f\" tabindex=\"0\" role=\"link\" href=\"https:\/\/www.facebook.com\/hashtag\/c%C3%A1rdenas?__cft__[0]=AZV_n1KIcVMHiF3PlF7pAWMdpcCcgmar4jk-5oMC1I_-6jsYD1LiJEgVPUhj_x99efCzOgrRG4EC_0KXPCZJbOjB3a8gIIIyVXlIHUgCt1ThuXfTjUbuyWLh7fipL2P40KOSA1MlSQ80BuZ2RXG4_fJ8tDT-iHhqojMrTPONyOPEKA&amp;__tn__=*NK-R\">#C\u00e1rdenas<\/a><\/span> y ah\u00ed voy a vivir, voy a seguir construyendo por C\u00e1rdenas\u201d, asegur\u00f3.<\/div>\n<div dir=\"auto\"><\/div>\n<\/div>\n<div class=\"x14z9mp xat24cr x1lziwak x1vvkbs xtlvy1s x126k92a\">\n<div dir=\"auto\">Pese a su compromiso con el municipio, Euclides Alejandro no descart\u00f3 analizar la posibilidad de integrarse al Gobierno del Estado si se lo propusieran. En caso de concretarse su salida, el actual director de <span class=\"html-span xdj266r x14z9mp xat24cr x1lziwak xexx8yu xyri2b x18d9i69 x1c1uobl x1hl2dhg x16tdsg8 x1vvkbs\"><a class=\"x1i10hfl xjbqb8w x1ejq31n x18oe1m7 x1sy0etr xstzfhl x972fbf x10w94by x1qhh985 x14e42zd x9f619 x1ypdohk xt0psk2 x3ct3a4 xdj266r x14z9mp xat24cr x1lziwak xexx8yu xyri2b x18d9i69 x1c1uobl x16tdsg8 x1hl2dhg xggy1nq x1a2a7pz xkrqix3 x1sur9pj x1fey0fg x1s688f\" tabindex=\"0\" role=\"link\" href=\"https:\/\/www.facebook.com\/hashtag\/finanzas?__cft__[0]=AZV_n1KIcVMHiF3PlF7pAWMdpcCcgmar4jk-5oMC1I_-6jsYD1LiJEgVPUhj_x99efCzOgrRG4EC_0KXPCZJbOjB3a8gIIIyVXlIHUgCt1ThuXfTjUbuyWLh7fipL2P40KOSA1MlSQ80BuZ2RXG4_fJ8tDT-iHhqojMrTPONyOPEKA&amp;__tn__=*NK-R\">#Finanzas<\/a><\/span>, Rimi Sanders Cornelio, asumir\u00eda la presidencia municipal de C\u00e1rdenas como su suplente.<\/div>\n<\/div>\n","protected":false},"excerpt":{"rendered":"<p>NO DESCARTA EUCLIDES ALEJANDRO INTEGRARSE AL GOBIERNO DEL ESTADO DE TABASCO Ante las especulaciones sobre su posible llegada a la Secretar\u00eda de Gobierno de Tabasco, el presidente municipal de C\u00e1rdenas, Euclides Alejandro Alejandro, afirm\u00f3 que \u201cser\u00eda un honor y lo analizar\u00eda\u201d. Durante una entrevista con Emmanuel Sibilla en la XEVT, el edil fue cuestionado sobre [&hellip;]<\/p>\n","protected":false},"author":1,"featured_media":5187,"comment_status":"open","ping_status":"open","sticky":false,"template":"","format":"standard","meta":{"footnotes":""},"categories":[4,3],"tags":[],"class_list":["post-5186","post","type-post","status-publish","format-standard","has-post-thumbnail","hentry","category-noticias","category-politica"],"_links":{"self":[{"href":"https:\/\/trabucoradio.com\/home\/index.php?rest_route=\/wp\/v2\/posts\/5186","targetHints":{"allow":["GET"]}}],"collection":[{"href":"https:\/\/trabucoradio.com\/home\/index.php?rest_route=\/wp\/v2\/posts"}],"about":[{"href":"https:\/\/trabucoradio.com\/home\/index.php?rest_route=\/wp\/v2\/types\/post"}],"author":[{"embeddable":true,"href":"https:\/\/trabucoradio.com\/home\/index.php?rest_route=\/wp\/v2\/users\/1"}],"replies":[{"embeddable":true,"href":"https:\/\/trabucoradio.com\/home\/index.php?rest_route=%2Fwp%2Fv2%2Fcomments&post=5186"}],"version-history":[{"count":1,"href":"https:\/\/trabucoradio.com\/home\/index.php?rest_route=\/wp\/v2\/posts\/5186\/revisions"}],"predecessor-version":[{"id":5188,"href":"https:\/\/trabucoradio.com\/home\/index.php?rest_route=\/wp\/v2\/posts\/5186\/revisions\/5188"}],"wp:featuredmedia":[{"embeddable":true,"href":"https:\/\/trabucoradio.com\/home\/index.php?rest_route=\/wp\/v2\/media\/5187"}],"wp:attachment":[{"href":"https:\/\/trabucoradio.com\/home\/index.php?rest_route=%2Fwp%2Fv2%2Fmedia&parent=5186"}],"wp:term":[{"taxonomy":"category","embeddable":true,"href":"https:\/\/trabucoradio.com\/home\/index.php?rest_route=%2Fwp%2Fv2%2Fcategories&post=5186"},{"taxonomy":"post_tag","embeddable":true,"href":"https:\/\/trabucoradio.com\/home\/index.php?rest_route=%2Fwp%2Fv2%2Ftags&post=5186"}],"curies":[{"name":"wp","href":"https:\/\/api.w.org\/{rel}","templated":true}]}}