{"id":5183,"date":"2025-10-09T16:04:39","date_gmt":"2025-10-09T22:04:39","guid":{"rendered":"https:\/\/trabucoradio.com\/home\/?p=5183"},"modified":"2025-10-09T16:04:39","modified_gmt":"2025-10-09T22:04:39","slug":"es-falsa-la-reduccion-al-salario-de-los-trabajadores-agremiados-al-sutset-seccion-4-euclides-alejandro","status":"publish","type":"post","link":"https:\/\/trabucoradio.com\/home\/?p=5183","title":{"rendered":"\u201cES FALSA LA REDUCCI\u00d3N AL SALARIO DE LOS TRABAJADORES AGREMIADOS AL SUTSET SECCI\u00d3N 4\u201d: EUCLIDES ALEJANDRO"},"content":{"rendered":"<p><strong>\u201cES FALSA LA REDUCCI\u00d3N AL SALARIO DE LOS TRABAJADORES AGREMIADOS AL SUTSET SECCI\u00d3N 4\u201d: EUCLIDES ALEJANDRO<\/strong><\/p>\n<div class=\"x14z9mp xat24cr x1lziwak x1vvkbs xtlvy1s x126k92a\">\n<div dir=\"auto\">\u201cNo hay ninguna reducci\u00f3n al salario de los trabajadores agremiados al SUTSET secci\u00f3n 4\u201d, asegur\u00f3 el alcalde de C\u00e1rdenas, <span class=\"html-span xdj266r x14z9mp xat24cr x1lziwak xexx8yu xyri2b x18d9i69 x1c1uobl x1hl2dhg x16tdsg8 x1vvkbs\"><a class=\"x1i10hfl xjbqb8w x1ejq31n x18oe1m7 x1sy0etr xstzfhl x972fbf x10w94by x1qhh985 x14e42zd x9f619 x1ypdohk xt0psk2 x3ct3a4 xdj266r x14z9mp xat24cr x1lziwak xexx8yu xyri2b x18d9i69 x1c1uobl x16tdsg8 x1hl2dhg xggy1nq x1a2a7pz xkrqix3 x1sur9pj x1fey0fg x1s688f\" tabindex=\"0\" role=\"link\" href=\"https:\/\/www.facebook.com\/EuclidesAlejandroA?__cft__[0]=AZWj63mKTV5YbcgQk1oPZ_1tXA2cE6lFOsoADx457Bss7QL4hUiruDTC18C7WigSlpOnUafMGCNpoB1hRJc-hRJe92FmBL2TB0_WQgH_FH_U0Qy-9h8Ef8PUjdlH42QzUlRVjW-Opqr3-J73CoGMt_Fq6rucndPqTVpFGBGCD9pxOA&amp;__tn__=-]K-R\"><span class=\"xt0psk2\"><span class=\"xjp7ctv\">Euclides Alejandro Alejandro<\/span><\/span><\/a><\/span>, en entrevista con Telereportaje. Adem\u00e1s, calific\u00f3 como falsas las declaraciones del diputado local <span class=\"html-span xdj266r x14z9mp xat24cr x1lziwak xexx8yu xyri2b x18d9i69 x1c1uobl x1hl2dhg x16tdsg8 x1vvkbs\"><a class=\"x1i10hfl xjbqb8w x1ejq31n x18oe1m7 x1sy0etr xstzfhl x972fbf x10w94by x1qhh985 x14e42zd x9f619 x1ypdohk xt0psk2 x3ct3a4 xdj266r x14z9mp xat24cr x1lziwak xexx8yu xyri2b x18d9i69 x1c1uobl x16tdsg8 x1hl2dhg xggy1nq x1a2a7pz xkrqix3 x1sur9pj x1fey0fg x1s688f\" tabindex=\"0\" role=\"link\" href=\"https:\/\/www.facebook.com\/NELSONVACA2021?__cft__[0]=AZWj63mKTV5YbcgQk1oPZ_1tXA2cE6lFOsoADx457Bss7QL4hUiruDTC18C7WigSlpOnUafMGCNpoB1hRJc-hRJe92FmBL2TB0_WQgH_FH_U0Qy-9h8Ef8PUjdlH42QzUlRVjW-Opqr3-J73CoGMt_Fq6rucndPqTVpFGBGCD9pxOA&amp;__tn__=-]K-R\"><span class=\"xt0psk2\"><span class=\"xjp7ctv\">Nelson Humberto Gallegos Vaca<\/span><\/span><\/a><\/span> sobre el conflicto laboral, se\u00f1alando que solo busca \u201creflectores\u201d.<\/div>\n<\/div>\n<div class=\"x14z9mp xat24cr x1lziwak x1vvkbs xtlvy1s x126k92a\">\n<div dir=\"auto\">Alejandro Alejandro subray\u00f3 que no se ha reducido la n\u00f3mina de los trabajadores, esto a pesar de las distintas manifestaciones que han hecho m\u00e1s de 600 empleados del Ayuntamiento de C\u00e1rdenas, quienes han exigido la restituci\u00f3n de su salario base, as\u00ed como el respeto a sus prestaciones laborales.<\/div>\n<\/div>\n<div class=\"x14z9mp xat24cr x1lziwak x1vvkbs xtlvy1s x126k92a\">\n<div dir=\"auto\">El munic\u00edpe detallo que en la revisi\u00f3n de la n\u00f3mina se encontraron personas que percib\u00edan sueldos exorbitantes y que hab\u00edan sido colocadas por administraciones anteriores. En esos casos, precis\u00f3, s\u00ed se aplic\u00f3 una reducci\u00f3n salarial.<\/div>\n<\/div>\n","protected":false},"excerpt":{"rendered":"<p>\u201cES FALSA LA REDUCCI\u00d3N AL SALARIO DE LOS TRABAJADORES AGREMIADOS AL SUTSET SECCI\u00d3N 4\u201d: EUCLIDES ALEJANDRO \u201cNo hay ninguna reducci\u00f3n al salario de los trabajadores agremiados al SUTSET secci\u00f3n 4\u201d, asegur\u00f3 el alcalde de C\u00e1rdenas, Euclides Alejandro Alejandro, en entrevista con Telereportaje. Adem\u00e1s, calific\u00f3 como falsas las declaraciones del diputado local Nelson Humberto Gallegos Vaca [&hellip;]<\/p>\n","protected":false},"author":1,"featured_media":5184,"comment_status":"open","ping_status":"open","sticky":false,"template":"","format":"standard","meta":{"footnotes":""},"categories":[4,3],"tags":[],"class_list":["post-5183","post","type-post","status-publish","format-standard","has-post-thumbnail","hentry","category-noticias","category-politica"],"_links":{"self":[{"href":"https:\/\/trabucoradio.com\/home\/index.php?rest_route=\/wp\/v2\/posts\/5183","targetHints":{"allow":["GET"]}}],"collection":[{"href":"https:\/\/trabucoradio.com\/home\/index.php?rest_route=\/wp\/v2\/posts"}],"about":[{"href":"https:\/\/trabucoradio.com\/home\/index.php?rest_route=\/wp\/v2\/types\/post"}],"author":[{"embeddable":true,"href":"https:\/\/trabucoradio.com\/home\/index.php?rest_route=\/wp\/v2\/users\/1"}],"replies":[{"embeddable":true,"href":"https:\/\/trabucoradio.com\/home\/index.php?rest_route=%2Fwp%2Fv2%2Fcomments&post=5183"}],"version-history":[{"count":1,"href":"https:\/\/trabucoradio.com\/home\/index.php?rest_route=\/wp\/v2\/posts\/5183\/revisions"}],"predecessor-version":[{"id":5185,"href":"https:\/\/trabucoradio.com\/home\/index.php?rest_route=\/wp\/v2\/posts\/5183\/revisions\/5185"}],"wp:featuredmedia":[{"embeddable":true,"href":"https:\/\/trabucoradio.com\/home\/index.php?rest_route=\/wp\/v2\/media\/5184"}],"wp:attachment":[{"href":"https:\/\/trabucoradio.com\/home\/index.php?rest_route=%2Fwp%2Fv2%2Fmedia&parent=5183"}],"wp:term":[{"taxonomy":"category","embeddable":true,"href":"https:\/\/trabucoradio.com\/home\/index.php?rest_route=%2Fwp%2Fv2%2Fcategories&post=5183"},{"taxonomy":"post_tag","embeddable":true,"href":"https:\/\/trabucoradio.com\/home\/index.php?rest_route=%2Fwp%2Fv2%2Ftags&post=5183"}],"curies":[{"name":"wp","href":"https:\/\/api.w.org\/{rel}","templated":true}]}}