{"id":5175,"date":"2025-10-09T08:50:13","date_gmt":"2025-10-09T14:50:13","guid":{"rendered":"https:\/\/trabucoradio.com\/home\/?p=5175"},"modified":"2025-10-09T08:50:13","modified_gmt":"2025-10-09T14:50:13","slug":"sheinbaum-se-reune-con-integrantes-del-foro-economico-mundial-hablaron-de-plan-mexico","status":"publish","type":"post","link":"https:\/\/trabucoradio.com\/home\/?p=5175","title":{"rendered":"SHEINBAUM SE RE\u00daNE CON INTEGRANTES DEL FORO ECON\u00d3MICO MUNDIAL; HABLARON DE PLAN M\u00c9XICO"},"content":{"rendered":"<p><strong>SHEINBAUM SE RE\u00daNE CON INTEGRANTES DEL FORO ECON\u00d3MICO MUNDIAL; HABLARON DE PLAN M\u00c9XICO<\/strong><\/p>\n<p>La presidenta de M\u00e9xico,<strong>\u00a0Claudia Sheinbaum Pardo\u00a0se reuni\u00f3 este mi\u00e9rcoles con empresarios invitados al\u00a0Foro Econ\u00f3mico Mundial<\/strong>, ante quienes present\u00f3 los ejes del\u00a0Plan M\u00e9xico, una estrategia enfocada en fortalecer la inversi\u00f3n p\u00fablica y privada para impulsar el crecimiento econ\u00f3mico y garantizar la soberan\u00eda alimentaria y energ\u00e9tica.<\/p>\n<p>El encuentro se realiz\u00f3 en\u00a0Palacio Nacional, Sheinbaum Pardo\u00a0destac\u00f3 que su gobierno mantiene una perspectiva\u00a0<strong>optimista sobre el\u00a0desarrollo econ\u00f3mico\u00a0del pa\u00eds, sustentada en la consolidaci\u00f3n de proyectos estrat\u00e9gicos de infraestructura, innovaci\u00f3n tecnol\u00f3gica y transici\u00f3n energ\u00e9tica.<\/strong><\/p>\n<p>En sus redes sociales, escribi\u00f3: &#8216;Fortalecemos la inversi\u00f3n p\u00fablica y privada para alcanzar la soberan\u00eda alimentaria y energ\u00e9tica. Seguimos optimistas sobre el crecimiento econ\u00f3mico de nuestro pa\u00eds&#8217;.<\/p>\n<p>Representantes empresariales sostuvieron un di\u00e1logo buscando reforzar la confianza del sector privado en el entorno econ\u00f3mico nacional, as\u00ed como abrir nuevas oportunidades de cooperaci\u00f3n con actores internacionales.<\/p>\n","protected":false},"excerpt":{"rendered":"<p>SHEINBAUM SE RE\u00daNE CON INTEGRANTES DEL FORO ECON\u00d3MICO MUNDIAL; HABLARON DE PLAN M\u00c9XICO La presidenta de M\u00e9xico,\u00a0Claudia Sheinbaum Pardo\u00a0se reuni\u00f3 este mi\u00e9rcoles con empresarios invitados al\u00a0Foro Econ\u00f3mico Mundial, ante quienes present\u00f3 los ejes del\u00a0Plan M\u00e9xico, una estrategia enfocada en fortalecer la inversi\u00f3n p\u00fablica y privada para impulsar el crecimiento econ\u00f3mico y garantizar la soberan\u00eda alimentaria [&hellip;]<\/p>\n","protected":false},"author":1,"featured_media":5176,"comment_status":"open","ping_status":"open","sticky":false,"template":"","format":"standard","meta":{"footnotes":""},"categories":[4,3],"tags":[],"class_list":["post-5175","post","type-post","status-publish","format-standard","has-post-thumbnail","hentry","category-noticias","category-politica"],"_links":{"self":[{"href":"https:\/\/trabucoradio.com\/home\/index.php?rest_route=\/wp\/v2\/posts\/5175","targetHints":{"allow":["GET"]}}],"collection":[{"href":"https:\/\/trabucoradio.com\/home\/index.php?rest_route=\/wp\/v2\/posts"}],"about":[{"href":"https:\/\/trabucoradio.com\/home\/index.php?rest_route=\/wp\/v2\/types\/post"}],"author":[{"embeddable":true,"href":"https:\/\/trabucoradio.com\/home\/index.php?rest_route=\/wp\/v2\/users\/1"}],"replies":[{"embeddable":true,"href":"https:\/\/trabucoradio.com\/home\/index.php?rest_route=%2Fwp%2Fv2%2Fcomments&post=5175"}],"version-history":[{"count":1,"href":"https:\/\/trabucoradio.com\/home\/index.php?rest_route=\/wp\/v2\/posts\/5175\/revisions"}],"predecessor-version":[{"id":5177,"href":"https:\/\/trabucoradio.com\/home\/index.php?rest_route=\/wp\/v2\/posts\/5175\/revisions\/5177"}],"wp:featuredmedia":[{"embeddable":true,"href":"https:\/\/trabucoradio.com\/home\/index.php?rest_route=\/wp\/v2\/media\/5176"}],"wp:attachment":[{"href":"https:\/\/trabucoradio.com\/home\/index.php?rest_route=%2Fwp%2Fv2%2Fmedia&parent=5175"}],"wp:term":[{"taxonomy":"category","embeddable":true,"href":"https:\/\/trabucoradio.com\/home\/index.php?rest_route=%2Fwp%2Fv2%2Fcategories&post=5175"},{"taxonomy":"post_tag","embeddable":true,"href":"https:\/\/trabucoradio.com\/home\/index.php?rest_route=%2Fwp%2Fv2%2Ftags&post=5175"}],"curies":[{"name":"wp","href":"https:\/\/api.w.org\/{rel}","templated":true}]}}