{"id":5172,"date":"2025-10-09T08:40:49","date_gmt":"2025-10-09T14:40:49","guid":{"rendered":"https:\/\/trabucoradio.com\/home\/?p=5172"},"modified":"2025-10-09T08:40:49","modified_gmt":"2025-10-09T14:40:49","slug":"mantienen-fumigacion-de-planteles-educativos-para-prevenir-el-dengue","status":"publish","type":"post","link":"https:\/\/trabucoradio.com\/home\/?p=5172","title":{"rendered":"MANTIENEN FUMIGACI\u00d3N DE PLANTELES EDUCATIVOS PARA PREVENIR EL DENGUE"},"content":{"rendered":"<p><strong>MANTIENEN FUMIGACI\u00d3N DE PLANTELES EDUCATIVOS PARA PREVENIR EL DENGUE<\/strong><\/p>\n<p>Con finalidad de prevenir contagios de dengue entre la comunidad estudiantil durante la actual temporada de lluvias,\u00a0<strong>la Secretar\u00eda de Educaci\u00f3n\u00a0<\/strong>inform\u00f3 que\u00a0<strong>los planteles educativos de la entidad est\u00e1n siendo fumigados<\/strong>\u00a0por personal de salud mediante brigadas de nebulizaci\u00f3n.<\/p>\n<p>La secretaria de Educaci\u00f3n, Patricia Iparrea, explic\u00f3 que estas acciones forman parte de coordinaci\u00f3n interinstitucional en\u00a0<strong>el que el sector salud tiene injerencia<\/strong>, realizando inspecciones y fumigaciones diarias en escuelas, centros de salud, delegaciones y dem\u00e1s instalaciones p\u00fablicas.<\/p>\n<p>Iparrea S\u00e1nchez<strong>\u00a0destac\u00f3 que el operativo no se limita \u00fanicamente a los planteles escolares<\/strong>, sino que abarca otros espacios de uso com\u00fan por la poblaci\u00f3n,\u00a0<strong>con el fin de minimizar la proliferaci\u00f3n del mosquito transmisor del dengue.<\/strong><\/p>\n","protected":false},"excerpt":{"rendered":"<p>MANTIENEN FUMIGACI\u00d3N DE PLANTELES EDUCATIVOS PARA PREVENIR EL DENGUE Con finalidad de prevenir contagios de dengue entre la comunidad estudiantil durante la actual temporada de lluvias,\u00a0la Secretar\u00eda de Educaci\u00f3n\u00a0inform\u00f3 que\u00a0los planteles educativos de la entidad est\u00e1n siendo fumigados\u00a0por personal de salud mediante brigadas de nebulizaci\u00f3n. La secretaria de Educaci\u00f3n, Patricia Iparrea, explic\u00f3 que estas acciones [&hellip;]<\/p>\n","protected":false},"author":1,"featured_media":5173,"comment_status":"open","ping_status":"open","sticky":false,"template":"","format":"standard","meta":{"footnotes":""},"categories":[4],"tags":[],"class_list":["post-5172","post","type-post","status-publish","format-standard","has-post-thumbnail","hentry","category-noticias"],"_links":{"self":[{"href":"https:\/\/trabucoradio.com\/home\/index.php?rest_route=\/wp\/v2\/posts\/5172","targetHints":{"allow":["GET"]}}],"collection":[{"href":"https:\/\/trabucoradio.com\/home\/index.php?rest_route=\/wp\/v2\/posts"}],"about":[{"href":"https:\/\/trabucoradio.com\/home\/index.php?rest_route=\/wp\/v2\/types\/post"}],"author":[{"embeddable":true,"href":"https:\/\/trabucoradio.com\/home\/index.php?rest_route=\/wp\/v2\/users\/1"}],"replies":[{"embeddable":true,"href":"https:\/\/trabucoradio.com\/home\/index.php?rest_route=%2Fwp%2Fv2%2Fcomments&post=5172"}],"version-history":[{"count":1,"href":"https:\/\/trabucoradio.com\/home\/index.php?rest_route=\/wp\/v2\/posts\/5172\/revisions"}],"predecessor-version":[{"id":5174,"href":"https:\/\/trabucoradio.com\/home\/index.php?rest_route=\/wp\/v2\/posts\/5172\/revisions\/5174"}],"wp:featuredmedia":[{"embeddable":true,"href":"https:\/\/trabucoradio.com\/home\/index.php?rest_route=\/wp\/v2\/media\/5173"}],"wp:attachment":[{"href":"https:\/\/trabucoradio.com\/home\/index.php?rest_route=%2Fwp%2Fv2%2Fmedia&parent=5172"}],"wp:term":[{"taxonomy":"category","embeddable":true,"href":"https:\/\/trabucoradio.com\/home\/index.php?rest_route=%2Fwp%2Fv2%2Fcategories&post=5172"},{"taxonomy":"post_tag","embeddable":true,"href":"https:\/\/trabucoradio.com\/home\/index.php?rest_route=%2Fwp%2Fv2%2Ftags&post=5172"}],"curies":[{"name":"wp","href":"https:\/\/api.w.org\/{rel}","templated":true}]}}