{"id":5168,"date":"2025-10-04T12:22:04","date_gmt":"2025-10-04T18:22:04","guid":{"rendered":"https:\/\/trabucoradio.com\/home\/?p=5168"},"modified":"2025-10-04T12:22:04","modified_gmt":"2025-10-04T18:22:04","slug":"locatarios-del-centro-historico-de-la-cdmx-pierden-hasta-900-mdp-por-vandalismo","status":"publish","type":"post","link":"https:\/\/trabucoradio.com\/home\/?p=5168","title":{"rendered":"LOCATARIOS DEL CENTRO HIST\u00d3RICO DE LA CDMX PIERDEN HASTA 900 MDP POR VANDALISMO"},"content":{"rendered":"<p><strong>LOCATARIOS DEL CENTRO HIST\u00d3RICO DE LA CDMX PIERDEN HASTA 900 MDP POR VANDALISMO<\/strong><\/p>\n<p>Los actos vand\u00e1licos ocurridos\u00a0durante la\u00a0marcha del 2 de octubre\u00a0dejaron un\u00a0saldo de m\u00e1s de 900 millones de pesos\u00a0en\u00a0p\u00e9rdidas econ\u00f3micas\u00a0a manos del\u00a0llamado Bloque Negro, al que los locatarios afectados se\u00f1alaron como\u00a0<strong>&#8216;crimen organizado&#8217;.<\/strong><\/p>\n<p>Solamente en el\u00a0corredor Ju\u00e1rez-Madero y el Centro Joyero, la\u00a0primera estimaci\u00f3n asciende a 600 millones de pesos,<strong>\u00a0entre mercanc\u00eda robada y quema de locales, denunci\u00f3\u00a0Gerardo L\u00f3pez Becerra, presidente de ConComercio.<\/strong><\/p>\n<p>Al menos\u00a0<strong>&#8216;unos 12 o 15 establecimientos habr\u00edan sido saqueados&#8217;, con montos diferenciales, a\u00fan por cuantificar. &#8216;Sab\u00edan a lo que ven\u00edan, se llevaron el oro y dejaron la plata&#8217;<\/strong>, dijo C\u00e9sar, empleado de una joyer\u00eda.<\/p>\n<p>Detallaron los peritos ministeriales\u00a0de la\u00a0Fiscal\u00eda General de Justicia capitalina\u00a0ingresaron\u00a0a los\u00a0locales del corredor Madero\u00a0y\u00a0Ju\u00e1rez, que fueron\u00a0vandalizados, para recabar pruebas.<\/p>\n<p>L\u00f3pez Becerra, indic\u00f3 que<strong>\u00a0&#8216;las p\u00e9rdidas de mayor impacto son en los negocios de oro (\u2026) hay negocios que perdieron 68 millones de pesos&#8217;.<\/strong><\/p>\n<p>Adem\u00e1s,\u00a0se presume una p\u00e9rdida de m\u00e1s de 300 millones por ventas no realizadas, en al menos cinco mil negocios de otros giros en todo el primer cuadro del Centro Hist\u00f3rico que tuvieron que bajar sus cortinas durante la movilizaci\u00f3n.<\/p>\n<p>Los\u00a0comerciantes coincidieron\u00a0en que\u00a0muchas joyer\u00edas no cuentan con seguro,<strong>\u00a0pues las aseguradoras no cubren oro o las cuotas resultan impagables para peque\u00f1os negocios.<\/strong><\/p>\n<p>Hasta el mediod\u00eda de ayer\u00a0se hab\u00edan interpuesto al menos 15 denuncias\u00a0por saqueo y vandalismo ante la Fiscal\u00eda capitalina.<\/p>\n<p>&nbsp;<\/p>\n","protected":false},"excerpt":{"rendered":"<p>LOCATARIOS DEL CENTRO HIST\u00d3RICO DE LA CDMX PIERDEN HASTA 900 MDP POR VANDALISMO Los actos vand\u00e1licos ocurridos\u00a0durante la\u00a0marcha del 2 de octubre\u00a0dejaron un\u00a0saldo de m\u00e1s de 900 millones de pesos\u00a0en\u00a0p\u00e9rdidas econ\u00f3micas\u00a0a manos del\u00a0llamado Bloque Negro, al que los locatarios afectados se\u00f1alaron como\u00a0&#8216;crimen organizado&#8217;. Solamente en el\u00a0corredor Ju\u00e1rez-Madero y el Centro Joyero, la\u00a0primera estimaci\u00f3n asciende a [&hellip;]<\/p>\n","protected":false},"author":1,"featured_media":5169,"comment_status":"open","ping_status":"open","sticky":false,"template":"","format":"standard","meta":{"footnotes":""},"categories":[4],"tags":[],"class_list":["post-5168","post","type-post","status-publish","format-standard","has-post-thumbnail","hentry","category-noticias"],"_links":{"self":[{"href":"https:\/\/trabucoradio.com\/home\/index.php?rest_route=\/wp\/v2\/posts\/5168","targetHints":{"allow":["GET"]}}],"collection":[{"href":"https:\/\/trabucoradio.com\/home\/index.php?rest_route=\/wp\/v2\/posts"}],"about":[{"href":"https:\/\/trabucoradio.com\/home\/index.php?rest_route=\/wp\/v2\/types\/post"}],"author":[{"embeddable":true,"href":"https:\/\/trabucoradio.com\/home\/index.php?rest_route=\/wp\/v2\/users\/1"}],"replies":[{"embeddable":true,"href":"https:\/\/trabucoradio.com\/home\/index.php?rest_route=%2Fwp%2Fv2%2Fcomments&post=5168"}],"version-history":[{"count":1,"href":"https:\/\/trabucoradio.com\/home\/index.php?rest_route=\/wp\/v2\/posts\/5168\/revisions"}],"predecessor-version":[{"id":5170,"href":"https:\/\/trabucoradio.com\/home\/index.php?rest_route=\/wp\/v2\/posts\/5168\/revisions\/5170"}],"wp:featuredmedia":[{"embeddable":true,"href":"https:\/\/trabucoradio.com\/home\/index.php?rest_route=\/wp\/v2\/media\/5169"}],"wp:attachment":[{"href":"https:\/\/trabucoradio.com\/home\/index.php?rest_route=%2Fwp%2Fv2%2Fmedia&parent=5168"}],"wp:term":[{"taxonomy":"category","embeddable":true,"href":"https:\/\/trabucoradio.com\/home\/index.php?rest_route=%2Fwp%2Fv2%2Fcategories&post=5168"},{"taxonomy":"post_tag","embeddable":true,"href":"https:\/\/trabucoradio.com\/home\/index.php?rest_route=%2Fwp%2Fv2%2Ftags&post=5168"}],"curies":[{"name":"wp","href":"https:\/\/api.w.org\/{rel}","templated":true}]}}