{"id":5157,"date":"2025-10-04T11:49:07","date_gmt":"2025-10-04T17:49:07","guid":{"rendered":"https:\/\/trabucoradio.com\/home\/?p=5157"},"modified":"2025-10-04T11:49:07","modified_gmt":"2025-10-04T17:49:07","slug":"sector-patronal-adecua-reglamentos-internos-para-la-ley-silla","status":"publish","type":"post","link":"https:\/\/trabucoradio.com\/home\/?p=5157","title":{"rendered":"SECTOR PATRONAL ADEC\u00daA REGLAMENTOS INTERNOS PARA LA &#8216;LEY SILLA&#8217;"},"content":{"rendered":"<p><strong>SECTOR PATRONAL ADEC\u00daA REGLAMENTOS INTERNOS PARA LA &#8216;LEY SILLA&#8217;<\/strong><\/p>\n<p>El\u00a0<strong>sector<\/strong>\u00a0<strong>patronal<\/strong>\u00a0en\u00a0<strong>Tabasco<\/strong>\u00a0se encuentra\u00a0en el\u00a0<strong>proceso<\/strong>\u00a0de\u00a0<strong>implementaci\u00f3n<\/strong>\u00a0de la llamada &#8216;<strong>Ley<\/strong>\u00a0<strong>Silla<\/strong>&#8216;, que establece el derecho de los trabajadores a\u00a0descansos peri\u00f3dicos durante la jornada laboral.<\/p>\n<p>El presidente de la Confederaci\u00f3n Patronal de la Rep\u00fablica Mexicana (Coparmex) en Tabasco Jos\u00e9 Mar\u00eda Bastar Camelo, coment\u00f3 que las empresas realizan la\u00a0<strong>adecuaci\u00f3n<\/strong>\u00a0de\u00a0<strong>reglamentos<\/strong>\u00a0y\u00a0<strong>pol\u00edticas<\/strong>\u00a0<strong>laborales<\/strong>, ya que\u00a0<strong>no<\/strong>\u00a0<strong>se<\/strong>\u00a0<strong>trata<\/strong>\u00a0<strong>\u00fanicamente<\/strong>\u00a0de la\u00a0<strong>adquisici\u00f3n<\/strong>\u00a0<strong>de<\/strong>\u00a0<strong>mobiliario<\/strong>.<\/p>\n<p>La reforma a la Ley Federal del Trabajo entr\u00f3 en vigor el 17 de junio y el\u00a0<strong>plazo<\/strong>\u00a0<strong>fatal<\/strong>\u00a0para su\u00a0<strong>cumplimiento<\/strong>\u00a0es el\u00a0<strong>14<\/strong>\u00a0de\u00a0<strong>diciembre<\/strong>. Las\u00a0<strong>sanciones<\/strong>\u00a0por\u00a0<strong>incumplimiento<\/strong>\u00a0de la Ley van de las\u00a0<strong>250<\/strong>\u00a0a\u00a0<strong>2<\/strong>\u00a0<strong>mil<\/strong>\u00a0<strong>500<\/strong>\u00a0Unidad de Medida y Actualizaci\u00f3n (<strong>UMA<\/strong>), en caso de reincidencia se aplicar\u00e1 suspensi\u00f3n de actividades de manera temporal.<\/p>\n","protected":false},"excerpt":{"rendered":"<p>SECTOR PATRONAL ADEC\u00daA REGLAMENTOS INTERNOS PARA LA &#8216;LEY SILLA&#8217; El\u00a0sector\u00a0patronal\u00a0en\u00a0Tabasco\u00a0se encuentra\u00a0en el\u00a0proceso\u00a0de\u00a0implementaci\u00f3n\u00a0de la llamada &#8216;Ley\u00a0Silla&#8216;, que establece el derecho de los trabajadores a\u00a0descansos peri\u00f3dicos durante la jornada laboral. El presidente de la Confederaci\u00f3n Patronal de la Rep\u00fablica Mexicana (Coparmex) en Tabasco Jos\u00e9 Mar\u00eda Bastar Camelo, coment\u00f3 que las empresas realizan la\u00a0adecuaci\u00f3n\u00a0de\u00a0reglamentos\u00a0y\u00a0pol\u00edticas\u00a0laborales, ya que\u00a0no\u00a0se\u00a0trata\u00a0\u00fanicamente\u00a0de la\u00a0adquisici\u00f3n\u00a0de\u00a0mobiliario. La [&hellip;]<\/p>\n","protected":false},"author":1,"featured_media":5158,"comment_status":"open","ping_status":"open","sticky":false,"template":"","format":"standard","meta":{"footnotes":""},"categories":[4,3],"tags":[],"class_list":["post-5157","post","type-post","status-publish","format-standard","has-post-thumbnail","hentry","category-noticias","category-politica"],"_links":{"self":[{"href":"https:\/\/trabucoradio.com\/home\/index.php?rest_route=\/wp\/v2\/posts\/5157","targetHints":{"allow":["GET"]}}],"collection":[{"href":"https:\/\/trabucoradio.com\/home\/index.php?rest_route=\/wp\/v2\/posts"}],"about":[{"href":"https:\/\/trabucoradio.com\/home\/index.php?rest_route=\/wp\/v2\/types\/post"}],"author":[{"embeddable":true,"href":"https:\/\/trabucoradio.com\/home\/index.php?rest_route=\/wp\/v2\/users\/1"}],"replies":[{"embeddable":true,"href":"https:\/\/trabucoradio.com\/home\/index.php?rest_route=%2Fwp%2Fv2%2Fcomments&post=5157"}],"version-history":[{"count":1,"href":"https:\/\/trabucoradio.com\/home\/index.php?rest_route=\/wp\/v2\/posts\/5157\/revisions"}],"predecessor-version":[{"id":5159,"href":"https:\/\/trabucoradio.com\/home\/index.php?rest_route=\/wp\/v2\/posts\/5157\/revisions\/5159"}],"wp:featuredmedia":[{"embeddable":true,"href":"https:\/\/trabucoradio.com\/home\/index.php?rest_route=\/wp\/v2\/media\/5158"}],"wp:attachment":[{"href":"https:\/\/trabucoradio.com\/home\/index.php?rest_route=%2Fwp%2Fv2%2Fmedia&parent=5157"}],"wp:term":[{"taxonomy":"category","embeddable":true,"href":"https:\/\/trabucoradio.com\/home\/index.php?rest_route=%2Fwp%2Fv2%2Fcategories&post=5157"},{"taxonomy":"post_tag","embeddable":true,"href":"https:\/\/trabucoradio.com\/home\/index.php?rest_route=%2Fwp%2Fv2%2Ftags&post=5157"}],"curies":[{"name":"wp","href":"https:\/\/api.w.org\/{rel}","templated":true}]}}